{"id":231214,"date":"2020-03-19T00:26:30","date_gmt":"2020-03-19T03:26:30","guid":{"rendered":"http:\/\/notinor.com\/jujuy\/?p=231214"},"modified":"2020-03-19T00:26:36","modified_gmt":"2020-03-19T03:26:36","slug":"la-oposicion-respalda-la-cuarentena-total-que-pide-alberto-para-detener-el-coronavirus","status":"publish","type":"post","link":"https:\/\/notinor.com\/jujuy\/la-oposicion-respalda-la-cuarentena-total-que-pide-alberto-para-detener-el-coronavirus\/","title":{"rendered":"La oposici\u00f3n respalda la cuarentena total que pide Alberto para detener el coronavirus"},"content":{"rendered":"\n<p>Se lo garantizaron los l\u00edderes legislativos en la Casa Rosada. El Gobierno busca garantizar servicios b\u00e1sicos para que la gente se encierre quince d\u00edas en sus casas.<\/p>\n\n\n\n<figure class=\"wp-block-image\"><img decoding=\"async\" src=\"https:\/\/www.lapoliticaonline.com\/files\/image\/62\/62187\/5e72c392586bc_940_529!.jpg?s=f3d47b0bea0209c66c37ca320eb8ef79&amp;d=1584579599\" alt=\"La oposici\u00f3n respalda la cuarentena total que pide Alberto para detener el coronavirus   \"\/><\/figure>\n\n\n\n<p><a href=\"https:\/\/www.lapoliticaonline.com\/nota\/125273-la-oposicion-respalda-la-cuarentena-total-que-pide-alberto-para-detener-el-coronavirus\/#galleryzoom.0\"><\/a><a rel=\"noreferrer noopener\" href=\"https:\/\/api.whatsapp.com\/send?text=https%3A%2F%2Fwww.lapoliticaonline.com%2Fnota%2F125273-la-oposicion-respalda-la-cuarentena-total-que-pide-alberto-para-detener-el-coronavirus%2F\" target=\"_blank\"><\/a><\/p>\n\n\n\n<p>Alberto Fern\u00e1ndez recibi\u00f3 a los jefes legislativos de la oposici\u00f3n esta tarde en la Casa Rosada y logr\u00f3 comprometerlos a apoyar una cuarentena de 15 d\u00edas que planea desde el fin de semana, como&nbsp;<a href=\"https:\/\/www.lapoliticaonline.com\/tools\/redirect.php?t=3&amp;i=125270&amp;s=d5c3dbfefeebe23d8d9380bbcba30384\">adelant\u00f3 LPO<\/a>, y anunciar\u00eda este jueves tras recibir a los gobernadores en la quinta de Olivos.<\/p>\n\n\n\n<p>\"Hay que profundizar el aislamiento. Falta un paso m\u00e1s\", confes\u00f3 el presidente en el sal\u00f3n de las mujeres, escoltado por Sergio Massa, M\u00e1ximo Kirchner y el senador Jorge Taiana.&nbsp; Seg\u00fan reconstruyeron varios legisladores a LPO, Alberto insisti\u00f3 en aplanar la curva de contagiados para que sean atendidos con facilidad por el sistema de salud, porque \"si se dispara no hay manera\".<\/p>\n\n\n\n<p>Y para lograrlo, anticip\u00f3 que una de las medidas en estudio es la cuarentena total por quince d\u00edas desde el s\u00e1bado, que unifique el feriado de lunes y martes y con el de semana santa. S\u00f3lo podr\u00edan funcionar la provisi\u00f3n de alimentos, medicamentos y servicios p\u00fablicos, que el diputado Jos\u00e9 Luis Ram\u00f3n, del bloque Unidad Federal para el Desarrollo, pidi\u00f3 garantizar para que esa medida funcione.&nbsp;<\/p>\n\n\n\n<p>\"Las comunicaciones y los servicios tienen que ser provistos para que la gente se quede en la casa sin problemas\", plante\u00f3.&nbsp; El presidente le garantiz\u00f3 que trabaja en di\u00e1logo con las empresas para que colaboren y estudia compensaciones a los trabajadores aut\u00f3nomos golpeados por este parate nacional.<\/p>\n\n\n\n<p>\"Hay que profundizar el aislamiento\", reconoci\u00f3 Alberto Fern\u00e1ndez. Trabaja con empresas de servicios p\u00fablicos y de alimentos para que no falte nada. Ma\u00f1ana anunciar\u00eda con los gobernadores cuarentena de 15 d\u00edas.&nbsp;&nbsp;<\/p>\n\n\n\n<p>\"Es f\u00e1cil garantizar el servicio bancario, pero no puede haber cortes de luz y gas\", admiti\u00f3 Fern\u00e1ndez. Los legisladores recordaban que el virus COVID-19 circula con menos de 26 grados y por lo tanto la gente necesitar\u00e1 en poco tiempo calefaccionar sus hogares.<\/p>\n\n\n\n<p>El diputado radical Mario Negri y el senador de esa fuerza Luis Naidenoff garantizaron el respaldo a una cuarentena masiva y lo ratificaron en la conferencia de prensa que brindaron con Massa, los diputados Cristina \u00c1lvarez Rodr\u00edguez (Todos) Cristian Ritondo y \u00c1lvaro Gonz\u00e1lez (PRO); Maximiliano Ferraro (Coalici\u00f3n C\u00edvica) y Eduardo \"Bali\" Bucca, m\u00e9dico y cercano a Roberto Lavagna. Por el PRO particip\u00f3 el senador Humberto Schiavoni.&nbsp;<\/p>\n\n\n\n<p>\"Aislarse es evitar la pandemia. La emergencia debe ser la centralidad. Alberto tiene todo nuestro respaldo y si es necesario le aportaremos recursos humanos\", prometi\u00f3 Negri.&nbsp; \"Extender la cuarentena al territorio nacional y aislarse es la \u00fanica vacuna que tenemos para evitar la propagaci\u00f3n del virus. Tendr\u00e1 todo el apoyo del interbloque\", complet\u00f3 Bucca, en el sal\u00f3n de conferencias, al que no lleg\u00f3 ning\u00fan funcionario nacional.<\/p>\n\n\n\n<p><\/p>\n\n\n\n<p>Bucca llam\u00f3 a cuidar a los profesionales, despu\u00e9s de registrarse un m\u00e9dico muerto en Chaco y cont\u00f3 que le pidi\u00f3 a Alberto evitar la sobre carga del Instituto Malbr\u00e1n y descentralizar a las provincias los test m\u00e9dicos. El presidente prometi\u00f3 que pronto ser realizar\u00e1n en 34 laboratorios con los kits de reactivos que&nbsp;<a href=\"https:\/\/www.lapoliticaonline.com\/tools\/redirect.php?t=3&amp;i=125231&amp;s=bb21f89f50d2c9c705221060c743e74d\">comprar\u00e1<\/a>&nbsp;Gin\u00e9s Gonz\u00e1lez Garc\u00eda. Tambi\u00e9n confirm\u00f3 la compra de todos los respiradores que pueden producirse en el pa\u00eds.&nbsp;<\/p>\n\n\n\n<p>Puertas adentro, el senador Mart\u00edn Lousteau, ausente en la conferencia, propuso una comunicaci\u00f3n unificada entre oficialismo y oposici\u00f3n y consigui\u00f3 el respaldo presidencial. Cristian Ritondo solicit\u00f3 una gesti\u00f3n ante el gobernador Axel Kicillof para mejorar el servicio de atenci\u00f3n r\u00e1pida de salud y pidi\u00f3 detalles sobre los argentinos varados en el exterior.&nbsp;<\/p>\n\n\n\n\n\n<p>El presidente inform\u00f3 que son 15 mil, la mayor\u00eda en Miami, Europa y 800 en Per\u00fa (500 en Lima y 300 en Cuzco), donde no descartan enviar un H\u00e9rcules sino alcanzan los aviones de Aerol\u00edneas Argentinas. La diputada Romina del Pl\u00e1, del frente de izquierda,&nbsp; recrimin\u00f3 haber dejado abiertas las escuelas para que fueran los docentes a\u00fan cuando no hab\u00eda clases.<\/p>\n\n\n\n<p>Para evitarlo, en la Rosada trabajan en un sistema de viandas que abastezca a los chicos que se alimentan en los comedores. El presidente lleg\u00f3 a la reuni\u00f3n con&nbsp;Mat\u00edas Lammens (Turismo), Agust\u00edn Rossi (Defensa), Eduardo \"Wado\" de Pedro (Interior) y Gin\u00e9s Gonz\u00e1lez Garc\u00eda&nbsp;(Salud).<\/p>\n\n\n\n<p>Massa inform\u00f3 que la oposici\u00f3n tendr\u00e1 reuniones quincenales con el Gobierno para conocer el avance de la pandemia, confirm\u00f3 que los infectados 19 infectados m\u00e1s y alcanzan los 97 y la curva s\u00f3lo puede aplanarse si la gente no sale de su casa.&nbsp;\"Aislarse es apostar la vida; es cuidar la vida propia la de los dem\u00e1s\".&nbsp;<\/p>\n\n\n\n<p>\"El comando sanitario y&nbsp;pol\u00edtico&nbsp;y la responsabilidad&nbsp;m\u00e1xima es del presidente. Tambi\u00e9n el desaf\u00edo de&nbsp;cumplir con la ampliaci\u00f3n de capacidad sanitaria, tener m\u00e1s camas y m\u00e1s equipamiento. Y cumplir con las normas de vigilancia. Pero lo m\u00e1s importante en esta etapa es que entre el Gobierno y la oposici\u00f3n. No hay grieta, frente a esta pelea que tenemos que dar todos juntos\", garantiz\u00f3 el presidente de la C\u00e1mara de Diputados.<\/p>\n","protected":false},"excerpt":{"rendered":"<p>Se lo garantizaron los l\u00edderes legislativos en la Casa Rosada. El Gobierno busca garantizar servicios b\u00e1sicos para que la gente se encierre quince d\u00edas en sus casas. Alberto Fern\u00e1ndez recibi\u00f3 a los jefes legislativos de la oposici\u00f3n esta tarde en la Casa Rosada y logr\u00f3 comprometerlos a apoyar una cuarentena de 15 d\u00edas que planea [&hellip;]<\/p>\n","protected":false},"author":1,"featured_media":227554,"comment_status":"open","ping_status":"open","sticky":false,"template":"","format":"standard","meta":{"_stopmodifiedupdate":false,"_modified_date":"","inline_featured_image":false,"spay_email":"","jetpack_publicize_message":"La oposici\u00f3n respalda la cuarentena total que pide Alberto para detener el #coronavirus"},"categories":[2,501],"tags":[],"jetpack_featured_media_url":"https:\/\/notinor.com\/jujuy\/wp-content\/uploads\/2020\/01\/ALBERTO-PRECIOS.jpg","jetpack_publicize_connections":[],"_links":{"self":[{"href":"https:\/\/notinor.com\/jujuy\/wp-json\/wp\/v2\/posts\/231214"}],"collection":[{"href":"https:\/\/notinor.com\/jujuy\/wp-json\/wp\/v2\/posts"}],"about":[{"href":"https:\/\/notinor.com\/jujuy\/wp-json\/wp\/v2\/types\/post"}],"author":[{"embeddable":true,"href":"https:\/\/notinor.com\/jujuy\/wp-json\/wp\/v2\/users\/1"}],"replies":[{"embeddable":true,"href":"https:\/\/notinor.com\/jujuy\/wp-json\/wp\/v2\/comments?post=231214"}],"version-history":[{"count":1,"href":"https:\/\/notinor.com\/jujuy\/wp-json\/wp\/v2\/posts\/231214\/revisions"}],"predecessor-version":[{"id":231215,"href":"https:\/\/notinor.com\/jujuy\/wp-json\/wp\/v2\/posts\/231214\/revisions\/231215"}],"wp:featuredmedia":[{"embeddable":true,"href":"https:\/\/notinor.com\/jujuy\/wp-json\/wp\/v2\/media\/227554"}],"wp:attachment":[{"href":"https:\/\/notinor.com\/jujuy\/wp-json\/wp\/v2\/media?parent=231214"}],"wp:term":[{"taxonomy":"category","embeddable":true,"href":"https:\/\/notinor.com\/jujuy\/wp-json\/wp\/v2\/categories?post=231214"},{"taxonomy":"post_tag","embeddable":true,"href":"https:\/\/notinor.com\/jujuy\/wp-json\/wp\/v2\/tags?post=231214"}],"curies":[{"name":"wp","href":"https:\/\/api.w.org\/{rel}","templated":true}]}}