{"id":231204,"date":"2020-03-18T20:27:50","date_gmt":"2020-03-18T23:27:50","guid":{"rendered":"http:\/\/notinor.com\/jujuy\/?p=231204"},"modified":"2020-03-18T20:28:25","modified_gmt":"2020-03-18T23:28:25","slug":"la-dirigencia-politica-llama-a-la-poblacion-al-aislamiento-para-apostar-a-la-vida","status":"publish","type":"post","link":"https:\/\/notinor.com\/jujuy\/la-dirigencia-politica-llama-a-la-poblacion-al-aislamiento-para-apostar-a-la-vida\/","title":{"rendered":"La dirigencia pol\u00edtica llama a la poblaci\u00f3n al aislamiento para \"apostar a la vida\""},"content":{"rendered":"\n<h1><\/h1>\n\n\n\n<p><\/p>\n\n\n\n<p>El presidente de la C\u00e1mara de Diputados, Sergio Massa, sum\u00f3 a la \"recomendaci\u00f3n\" del gobierno nacional de responsabilidad frente a la pandemia del coronavirus a todos los dirigentes \"sin distinci\u00f3n pol\u00edtica\", que tambi\u00e9n llaman a la poblaci\u00f3n al aislamiento para \"apostar a la vida\", cuidando la propia y la de los dem\u00e1s, y proponiendo distintas herramientas para buscar soluciones.<\/p>\n\n\n\n<p>Massa habl\u00f3 luego de una reuni\u00f3n entre Alberto Fern\u00e1ndez y autoridades de los distintos bloques de la C\u00e1mara de Diputados.<\/p>\n\n\n\n<p>\"Gobierno y oposici\u00f3n estamos y vamos a estar juntos en los pr\u00f3ximos meses para mejorar la calidad de vida y buscar las herramientas\" en la emergencia por la enfermedad, dijo Massa tras una reuni\u00f3n de autoridades de los bloques de diputados con el presidente Alberto Fern\u00e1ndez. <\/p>\n","protected":false},"excerpt":{"rendered":"<p>El presidente de la C\u00e1mara de Diputados, Sergio Massa, sum\u00f3 a la \"recomendaci\u00f3n\" del gobierno nacional de responsabilidad frente a la pandemia del coronavirus a todos los dirigentes \"sin distinci\u00f3n pol\u00edtica\", que tambi\u00e9n llaman a la poblaci\u00f3n al aislamiento para \"apostar a la vida\", cuidando la propia y la de los dem\u00e1s, y proponiendo distintas [&hellip;]<\/p>\n","protected":false},"author":1,"featured_media":231205,"comment_status":"open","ping_status":"open","sticky":false,"template":"","format":"standard","meta":{"_stopmodifiedupdate":false,"_modified_date":"","inline_featured_image":false,"spay_email":"","jetpack_publicize_message":"Legisladores de todos los partidos realizan una conferencia sobre la pandemia."},"categories":[501],"tags":[],"jetpack_featured_media_url":"https:\/\/notinor.com\/jujuy\/wp-content\/uploads\/2020\/03\/massa.jpg","jetpack_publicize_connections":[],"_links":{"self":[{"href":"https:\/\/notinor.com\/jujuy\/wp-json\/wp\/v2\/posts\/231204"}],"collection":[{"href":"https:\/\/notinor.com\/jujuy\/wp-json\/wp\/v2\/posts"}],"about":[{"href":"https:\/\/notinor.com\/jujuy\/wp-json\/wp\/v2\/types\/post"}],"author":[{"embeddable":true,"href":"https:\/\/notinor.com\/jujuy\/wp-json\/wp\/v2\/users\/1"}],"replies":[{"embeddable":true,"href":"https:\/\/notinor.com\/jujuy\/wp-json\/wp\/v2\/comments?post=231204"}],"version-history":[{"count":1,"href":"https:\/\/notinor.com\/jujuy\/wp-json\/wp\/v2\/posts\/231204\/revisions"}],"predecessor-version":[{"id":231206,"href":"https:\/\/notinor.com\/jujuy\/wp-json\/wp\/v2\/posts\/231204\/revisions\/231206"}],"wp:featuredmedia":[{"embeddable":true,"href":"https:\/\/notinor.com\/jujuy\/wp-json\/wp\/v2\/media\/231205"}],"wp:attachment":[{"href":"https:\/\/notinor.com\/jujuy\/wp-json\/wp\/v2\/media?parent=231204"}],"wp:term":[{"taxonomy":"category","embeddable":true,"href":"https:\/\/notinor.com\/jujuy\/wp-json\/wp\/v2\/categories?post=231204"},{"taxonomy":"post_tag","embeddable":true,"href":"https:\/\/notinor.com\/jujuy\/wp-json\/wp\/v2\/tags?post=231204"}],"curies":[{"name":"wp","href":"https:\/\/api.w.org\/{rel}","templated":true}]}}