{"id":231200,"date":"2020-03-18T20:23:20","date_gmt":"2020-03-18T23:23:20","guid":{"rendered":"http:\/\/notinor.com\/jujuy\/?p=231200"},"modified":"2020-03-18T20:23:53","modified_gmt":"2020-03-18T23:23:53","slug":"rechazan-excarcelacion-a-baez-pidio-el-beneficio-por-ser-parte-del-grupo-de-riesgo","status":"publish","type":"post","link":"https:\/\/notinor.com\/jujuy\/rechazan-excarcelacion-a-baez-pidio-el-beneficio-por-ser-parte-del-grupo-de-riesgo\/","title":{"rendered":"Rechazan excarcelaci\u00f3n a B\u00e1ez: pidi\u00f3 el beneficio por ser parte del grupo de riesgo"},"content":{"rendered":"\n<p><\/p>\n\n\n\n<p>El tribunal oral federal (TOF) 4 rechaz\u00f3 este mi\u00e9rcoles excarcelar al empresario L\u00e1zaro B\u00e1ez en el marco de la causa conocida como M&amp;P en la que se lo investiga por lavado de dinero, aunque los jueces abrieron un incidente para evaluar su eventual encarcelamiento domiciliario ante el avance de la pandemia del coronavirus, informaron fuentes judiciales.<\/p>\n\n\n\n<p>Los jueces se\u00f1alaron que la sola novedad del avance de la pandemia no constituye uno de los supuestos que posibilitan el otorgamiento autom\u00e1tico de la excarcelaci\u00f3n y resaltaron que, como hab\u00edan dicho en resoluciones anteriores, permanecen vigentes los riesgos procesales que implicar\u00eda su libertad.<\/p>\n\n\n\n<p>\u201cEn lo que respecta a la \u00fanica circunstancia novedosa introducida por la defensa, concerniente a la emergencia sanitaria declarada en raz\u00f3n de la pandemia ocasionada por el COVID-19, corresponde en primer lugar indicar que ello no comprende ninguno de los supuestos que posibilitan el otorgamiento autom\u00e1tico de la excarcelaci\u00f3n ni la parte lo encuadr\u00f3 normativamente\u201d, se\u00f1alaron los jueces N\u00e9stor Costabel, Jorge Gorini y Daniel Obligado.<\/p>\n\n\n\n<p>\u201cSin embargo, en virtud de las circunstancias alegadas por la defensa y del pedido subsidiario de prisi\u00f3n domiciliaria formulado, resulta pertinente la formaci\u00f3n de la incidencia correspondiente, a los efectos de poder tramitar debidamente dicho pedido con las comprobaciones que el caso amerite\u201d, agregaron.<\/p>\n\n\n\n<p>La defensa de B\u00e1ez hab\u00eda se\u00f1alado que el empresario tiene 64 a\u00f1os, padece hipertensi\u00f3n arterial, arritmia card\u00edaca y diabetes tipo 2, lo que era especialmente riesgoso ante un posible contagio de COVID-19.<\/p>\n\n\n\n<p>En ese sentido, la abogada Elizabeth Gasaro sostuvo que el encierro de B\u00e1ez en un establecimiento hacinado y superpoblado, lo hac\u00edan especialmente vulnerable al contagio, poniendo en riesgo su integridad f\u00edsica y su vida; circunstancia excepcional que deb\u00eda tenerse especialmente en cuenta por ser un grave riesgo a la vida.<\/p>\n\n\n\n<p>Ante ese planteo, el juez Costabel requiri\u00f3 al director del complejo penitenciario del Ezezia los testimonios completos de la historia cl\u00ednica de B\u00e1ez y que informe si el nombrado ha sido calificado como integrante del grupo poblacional de riesgo que pudiera presentar sintomatolog\u00edas graves ante el eventual contagio e infecci\u00f3n del coronavirus, y si se han adoptado medidas que garanticen la integridad f\u00edsica del imputado.<\/p>\n\n\n\n<p>Adem\u00e1s, requiri\u00f3 de forma urgente al Cuerpo M\u00e9dico Forense que con sea designado personal id\u00f3neo para conformar una Junta m\u00e9dica a los efectos que examine a B\u00e1ez y determine su estado actual de salud e se informe si su privaci\u00f3n de la libertad bajo la modalidad de arresto domiciliario podr\u00eda llevar a una mejora en el tratamiento y cura de las patolog\u00edas que lo aquejan.<\/p>\n\n\n\n<p>Tambi\u00e9n solicit\u00f3 que se informe si se encuentra dentro de los denominados \u201cpacientes de riesgo\u201d en los t\u00e9rminos de la emergencia sanitaria dispuesta en nuestro pa\u00eds, en virtud del virus Covid-19 (\u201cCoronavirus\u201d).<\/p>\n\n\n\n<p>El fiscal ante el TOF 4, Abel C\u00f3rdoba, se hab\u00eda manifestado por la opci\u00f3n de rechazar conceder el beneficio o la morigeraci\u00f3n de la prisi\u00f3n preventiva, seg\u00fan el texto al que accedi\u00f3 T\u00e9lam.<\/p>\n\n\n\n<p>En tanto, la defensa de B\u00e1ez tambi\u00e9n present\u00f3 un pedido de excarcelaci\u00f3n ante el juez Sebasti\u00e1n Casanello que lo investiga por maniobras de lavado de dinero en la causa conocida como \"El entrevero\", en relaci\u00f3n al nombre de un campo, en la que est\u00e1 procesado con prisi\u00f3n preventiva.<\/p>\n\n\n\n<p>En ese caso, el fiscal federal de instrucci\u00f3n, Guillermo Mariju\u00e1n, present\u00f3 un dictamen en el que pidi\u00f3 que se le otorgue a B\u00e1ez la prisi\u00f3n domiciliaria con tobillera electr\u00f3nica y estrictas medidas de control.<\/p>\n","protected":false},"excerpt":{"rendered":"<p>El tribunal oral federal (TOF) 4 rechaz\u00f3 este mi\u00e9rcoles excarcelar al empresario L\u00e1zaro B\u00e1ez en el marco de la causa conocida como M&amp;P en la que se lo investiga por lavado de dinero, aunque los jueces abrieron un incidente para evaluar su eventual encarcelamiento domiciliario ante el avance de la pandemia del coronavirus, informaron fuentes [&hellip;]<\/p>\n","protected":false},"author":1,"featured_media":231202,"comment_status":"open","ping_status":"open","sticky":false,"template":"","format":"standard","meta":{"_stopmodifiedupdate":false,"_modified_date":"","inline_featured_image":false,"spay_email":"","jetpack_publicize_message":"Evaluaron su eventual encarcelamiento domiciliario ante el avance de la pandemia del coronavirus."},"categories":[501],"tags":[],"jetpack_featured_media_url":"https:\/\/notinor.com\/jujuy\/wp-content\/uploads\/2020\/03\/lazaro.jpg","jetpack_publicize_connections":[],"_links":{"self":[{"href":"https:\/\/notinor.com\/jujuy\/wp-json\/wp\/v2\/posts\/231200"}],"collection":[{"href":"https:\/\/notinor.com\/jujuy\/wp-json\/wp\/v2\/posts"}],"about":[{"href":"https:\/\/notinor.com\/jujuy\/wp-json\/wp\/v2\/types\/post"}],"author":[{"embeddable":true,"href":"https:\/\/notinor.com\/jujuy\/wp-json\/wp\/v2\/users\/1"}],"replies":[{"embeddable":true,"href":"https:\/\/notinor.com\/jujuy\/wp-json\/wp\/v2\/comments?post=231200"}],"version-history":[{"count":1,"href":"https:\/\/notinor.com\/jujuy\/wp-json\/wp\/v2\/posts\/231200\/revisions"}],"predecessor-version":[{"id":231203,"href":"https:\/\/notinor.com\/jujuy\/wp-json\/wp\/v2\/posts\/231200\/revisions\/231203"}],"wp:featuredmedia":[{"embeddable":true,"href":"https:\/\/notinor.com\/jujuy\/wp-json\/wp\/v2\/media\/231202"}],"wp:attachment":[{"href":"https:\/\/notinor.com\/jujuy\/wp-json\/wp\/v2\/media?parent=231200"}],"wp:term":[{"taxonomy":"category","embeddable":true,"href":"https:\/\/notinor.com\/jujuy\/wp-json\/wp\/v2\/categories?post=231200"},{"taxonomy":"post_tag","embeddable":true,"href":"https:\/\/notinor.com\/jujuy\/wp-json\/wp\/v2\/tags?post=231200"}],"curies":[{"name":"wp","href":"https:\/\/api.w.org\/{rel}","templated":true}]}}