{"id":231198,"date":"2020-03-18T20:28:36","date_gmt":"2020-03-18T23:28:36","guid":{"rendered":"http:\/\/notinor.com\/jujuy\/?p=231198"},"modified":"2020-03-18T20:28:42","modified_gmt":"2020-03-18T23:28:42","slug":"en-reunion-con-los-gobernadores-alberto-fernandez-evaluara-cuarentena-total","status":"publish","type":"post","link":"https:\/\/notinor.com\/jujuy\/en-reunion-con-los-gobernadores-alberto-fernandez-evaluara-cuarentena-total\/","title":{"rendered":"En reuni\u00f3n con los gobernadores, Alberto Fern\u00e1ndez evaluar\u00e1 cuarentena total"},"content":{"rendered":"\n<figure class=\"wp-block-image\"><img decoding=\"async\" loading=\"lazy\" width=\"1366\" height=\"765\" src=\"https:\/\/i1.wp.com\/notinor.com\/jujuy\/wp-content\/uploads\/2020\/03\/alberto-fernandez-afp-pedro-pardo-1.jpg?fit=840%2C470\" alt=\"\" class=\"wp-image-231201\" srcset=\"https:\/\/notinor.com\/jujuy\/wp-content\/uploads\/2020\/03\/alberto-fernandez-afp-pedro-pardo-1.jpg 1366w, https:\/\/notinor.com\/jujuy\/wp-content\/uploads\/2020\/03\/alberto-fernandez-afp-pedro-pardo-1-500x280.jpg 500w, https:\/\/notinor.com\/jujuy\/wp-content\/uploads\/2020\/03\/alberto-fernandez-afp-pedro-pardo-1-652x365.jpg 652w, https:\/\/notinor.com\/jujuy\/wp-content\/uploads\/2020\/03\/alberto-fernandez-afp-pedro-pardo-1-768x430.jpg 768w, https:\/\/notinor.com\/jujuy\/wp-content\/uploads\/2020\/03\/alberto-fernandez-afp-pedro-pardo-1-840x470.jpg 840w\" sizes=\"(max-width: 1366px) 100vw, 1366px\" \/><\/figure>\n\n\n\n<p>Los jefes de los bloques parlamentarios brindaron una\u00a0<strong>conferencia de prensa\u00a0<\/strong>despu\u00e9s de la reuni\u00f3n que mantuvieron con el presidente\u00a0<strong>Alberto Fern\u00e1ndez\u00a0<\/strong>y deslizaron que en el contexto de alerta por el avance del nuevo\u00a0coronavirus\u00a0Covid-19 en la\u00a0<strong>Argentina,\u00a0<\/strong>el Gobierno\u00a0<strong>eval\u00faa decretar la cuarentena total.\u00a0<\/strong>Lo definir\u00e1 ma\u00f1ana en la\u00a0<strong>reuni\u00f3n con gobernadores.<\/strong><\/p>\n\n\n\n<p>\"La decisi\u00f3n del Gobierno es tomar todas las medidas necesarias para que la curva de casos no crezca y que&nbsp;<strong>todas las medidas que la autoridad sanitaria considere&nbsp;<\/strong>que se tengan que tomar para garantizar el cumplimiento del aislamiento&nbsp;<strong>van a ser tomadas\",&nbsp;<\/strong>dijo el presidente de la C\u00e1mara de Diputados,&nbsp;<strong>Sergio Massa,&nbsp;<\/strong>del Frente de Todos.<\/p>\n\n\n\n<p>Por su parte, el jefe del interbloque de senadores de Juntos por el Cambio,&nbsp;<strong>Luis Naidenoff,&nbsp;<\/strong>calific\u00f3 hoy de&nbsp;<strong>\"central y definitoria\"&nbsp;<\/strong>la reuni\u00f3n que el Presidente tendr\u00e1 ma\u00f1ana con los gobernadores para analizar nuevas medidas para hacer frente a la pandemia de coronavirus.<\/p>\n\n\n\n<p>\"Para no anticipar decisiones que tiene que tomar el Presidente con los gobernadores, en cuesti\u00f3n de log\u00edstica, de mercader\u00edas, es central\u00a0<strong>garantizar que la gente tenga acceso a la comida y cuestiones b\u00e1sicas\",\u00a0<\/strong>dijo Massa. \"Le dimos al Presidente el respaldo para que tome la decisi\u00f3n m\u00e1s necesaria para este momento\", dijo.<\/p>\n\n\n\n<p>El \u00e9xito del Gobierno y de los argentinos es\u00a0<strong>evitar los contagios.\u00a0<\/strong>Hay una necesidad de entender que tenemos la tarea, entre todos, de cuidarnos. La mejor forma es aislarnos. Las normas que va tomando el Gobierno no son para perjudicar a nadie, sino para cuidar a todos\", agreg\u00f3.<\/p>\n\n\n\n<p>Tambi\u00e9n enfatiz\u00f3 en que los representantes mantendr\u00e1n las diferencias ideol\u00f3gicas a un lado. \"Los dirigentes de la oposici\u00f3n nos sentamos a la mesa para proponer soluciones ante esta pandemia. A partir de la reuni\u00f3n de hoy, cada 15 d\u00edas, gobierno y oposici\u00f3n van a articular una reuni\u00f3n similar para hacer un seguimiento de las pol\u00edticas p\u00fablicas hacia un camino de soluci\u00f3n\", sostuvo.<\/p>\n\n\n\n<p>El jefe del interbloque de diputados de Juntos por el Cambio,\u00a0<strong>Mario Negri,\u00a0<\/strong>afirm\u00f3 en tanto que el presidente Fern\u00e1ndez\u00a0<strong>\"es el comandante de esta batalla porque as\u00ed lo decidi\u00f3 el pa\u00eds\",\u00a0<\/strong>al manifestar el apoyo de la oposici\u00f3n en la lucha contra el coronavirus.<\/p>\n\n\n\n<p>\"Est\u00e1 en el \u00e1nimo de todos nosotros colaborar y&nbsp;<strong>no ser ning\u00fan obst\u00e1culo.&nbsp;<\/strong>Hemos ratificado que la centralidad de las decisiones y la responsabilidad son del gobierno y el Presidente. Este problema no es pol\u00edtico, porque se lleva las vidas de todos. El Presidente es el comandante de esta batalla porque lo decidi\u00f3 el pa\u00eds\", dijo Negri durante la conferencia de prensa.<\/p>\n\n\n\n<p>\"Nuestra recomendaci\u00f3n, y la de todos los dirigentes, sin distinci\u00f3n pol\u00edtica, es cumplir con el aislamiento. Aislarse es apostar por la vida, es la mejor herramienta que tenemos contra esta pandemia\", agreg\u00f3 Massa.<\/p>\n\n\n\n<p>\"Buscamos lo que plante\u00f3 hoy Negri al Presidente, hoy manda el Presidente. El comando y autoridad m\u00e1xima es la suya. Y todos debemos cumplir las normas que se fijan contra la pandemia\", dijo.<\/p>\n\n\n\n<p><strong>\"Ac\u00e1 no hay gobierno y oposici\u00f3n. No hay grieta.&nbsp;<\/strong>Los que llevamos la representaci\u00f3n en el Congreso hemos dado nuestro respaldo y compromiso para habilitar las herramientas y toda la fuerza al Presidente para que se sienta m\u00e1s all\u00e1 de las diferencias pol\u00edticas y partidarias\", finaliz\u00f3.<\/p>\n","protected":false},"excerpt":{"rendered":"<p>Los jefes de los bloques parlamentarios brindaron una\u00a0conferencia de prensa\u00a0despu\u00e9s de la reuni\u00f3n que mantuvieron con el presidente\u00a0Alberto Fern\u00e1ndez\u00a0y deslizaron que en el contexto de alerta por el avance del nuevo\u00a0coronavirus\u00a0Covid-19 en la\u00a0Argentina,\u00a0el Gobierno\u00a0eval\u00faa decretar la cuarentena total.\u00a0Lo definir\u00e1 ma\u00f1ana en la\u00a0reuni\u00f3n con gobernadores. \"La decisi\u00f3n del Gobierno es tomar todas las medidas necesarias para [&hellip;]<\/p>\n","protected":false},"author":37,"featured_media":231201,"comment_status":"open","ping_status":"open","sticky":false,"template":"","format":"standard","meta":{"_stopmodifiedupdate":false,"_modified_date":"","inline_featured_image":false,"spay_email":"","jetpack_publicize_message":"\"Para no anticipar decisiones que tiene que tomar el Presidente con los gobernadores, en cuesti\u00f3n de log\u00edstica, de mercader\u00edas, es central garantizar que la gente tenga acceso a la comida y cuestiones b\u00e1sicas\", dijo Massa. "},"categories":[2],"tags":[],"jetpack_featured_media_url":"https:\/\/notinor.com\/jujuy\/wp-content\/uploads\/2020\/03\/alberto-fernandez-afp-pedro-pardo-1.jpg","jetpack_publicize_connections":[],"_links":{"self":[{"href":"https:\/\/notinor.com\/jujuy\/wp-json\/wp\/v2\/posts\/231198"}],"collection":[{"href":"https:\/\/notinor.com\/jujuy\/wp-json\/wp\/v2\/posts"}],"about":[{"href":"https:\/\/notinor.com\/jujuy\/wp-json\/wp\/v2\/types\/post"}],"author":[{"embeddable":true,"href":"https:\/\/notinor.com\/jujuy\/wp-json\/wp\/v2\/users\/37"}],"replies":[{"embeddable":true,"href":"https:\/\/notinor.com\/jujuy\/wp-json\/wp\/v2\/comments?post=231198"}],"version-history":[{"count":1,"href":"https:\/\/notinor.com\/jujuy\/wp-json\/wp\/v2\/posts\/231198\/revisions"}],"predecessor-version":[{"id":231207,"href":"https:\/\/notinor.com\/jujuy\/wp-json\/wp\/v2\/posts\/231198\/revisions\/231207"}],"wp:featuredmedia":[{"embeddable":true,"href":"https:\/\/notinor.com\/jujuy\/wp-json\/wp\/v2\/media\/231201"}],"wp:attachment":[{"href":"https:\/\/notinor.com\/jujuy\/wp-json\/wp\/v2\/media?parent=231198"}],"wp:term":[{"taxonomy":"category","embeddable":true,"href":"https:\/\/notinor.com\/jujuy\/wp-json\/wp\/v2\/categories?post=231198"},{"taxonomy":"post_tag","embeddable":true,"href":"https:\/\/notinor.com\/jujuy\/wp-json\/wp\/v2\/tags?post=231198"}],"curies":[{"name":"wp","href":"https:\/\/api.w.org\/{rel}","templated":true}]}}