{"id":231189,"date":"2020-03-18T20:05:13","date_gmt":"2020-03-18T23:05:13","guid":{"rendered":"http:\/\/notinor.com\/jujuy\/?p=231189"},"modified":"2020-03-27T15:30:34","modified_gmt":"2020-03-27T18:30:34","slug":"el-estado-debe-asistir-a-las-pymes-desocupados-y-monotributistas","status":"publish","type":"post","link":"https:\/\/notinor.com\/jujuy\/el-estado-debe-asistir-a-las-pymes-desocupados-y-monotributistas\/","title":{"rendered":"\u201cEl Estado debe asistir a pymes, desocupados y monotributistas\u201d"},"content":{"rendered":"\n<p><\/p>\n\n\n\n<p class=\"has-background has-pale-cyan-blue-background-color\">El\neconomista Juan Ljungberg analiz\u00f3 la situaci\u00f3n econ\u00f3mica en plena crisis por el\nCoronavirus. En di\u00e1logo con <strong>Notinor <\/strong>advirti\u00f3\nque todav\u00eda no se puede hablar de una recesi\u00f3n mundial sino de un \"fuerte estancamiento\"\nque traer\u00e1 aparejado consecuencias que se manifestar\u00e1n los pr\u00f3ximos meses.<\/p>\n\n\n\n<p>Adem\u00e1s aclar\u00f3\nque es fundamental que nuestro pa\u00eds&nbsp;\nasista a todos los sectores, sin dejar de lado a las peque\u00f1as y medianas\nempresas, desocupados y monotribustas.<\/p>\n\n\n\n<p><strong>La incidencia del Coronavirus en la econom\u00eda\nmundial, es innegable. \u00bfEs comparable con otros momentos de la historia?<\/strong><\/p>\n\n\n\n<p>-En la\nhistoria mundial y a lo largo del siglo XX hemos sufrido distintas pandemias,\ncon distintas caracter\u00edsticas, y con gran cantidad de muertos. El \u00faltimo\nantecedente es hace 10 a\u00f1os&nbsp; con la\ngripe&nbsp; A (H1N1), quiz\u00e1s con&nbsp; repercusiones distintas. En esta oportunidad\nel mundo se encuentra hipercomunicado e &nbsp;hipervinculado, lo que facilita el tr\u00e1nsito &nbsp;masivo de personas, situaci\u00f3n que favorece\nlamentablemente a que gran cantidad de ciudadanos se contagie de este virus.<\/p>\n\n\n\n<p><strong>Teniendo en cuenta el temor ante el\navance de esta epidemia, \u00bfse pude hablar de que estamos ante una recesi\u00f3n\nglobal?&nbsp; <\/strong><\/p>\n\n\n\n<p><strong>-<\/strong>La econom\u00eda est\u00e1 definitivamente &nbsp;en un momento de estancamiento de escala mundial.\nHay especialistas que advierten que hay una ca\u00edda en la producci\u00f3n de grandes\nmagnitudes y quienes se arriesgan a decir que estamos inmersos en una recesi\u00f3n profunda.\nPese a ello es bueno destacar que los gobiernos tomaron medidas para contrarrestar\nesta situaci\u00f3n. En Estados Unidos, por ejemplo, el presidente Trump anunci\u00f3 un\npaquete de medidas fiscales por 850 mil millones de d\u00f3lares, para que se\nentienda mejor un monto equivalente a dos Productos Brutos Internos (PBI) en\nnuestro pa\u00eds, es decir a dos a\u00f1os de producci\u00f3n en la Argentina. Por su parte\nen Espa\u00f1a se tom\u00f3 decisiones similares con un inversi\u00f3n de 250 mil millones de\neuros para no ingresar a un <em>espiral\nrecesivo.<\/em><\/p>\n\n\n\n<p><strong><em>\u00bfC\u00f3mo eval\u00faa las\nmedidas econ\u00f3micas implementadas por el gobierno de Alberto Fern\u00e1ndez?<\/em><\/strong><\/p>\n\n\n\n<p>-Durante las\n\u00faltimas semanas de produjeron anuncios importantes, que a mi juicio se hicieron\nesperar, y que se dieron de esa manera porque se especul\u00f3. En esta situaci\u00f3n m\u00e1s\nvale pecar de exagerado que quedarse con poco. Se reaccion\u00f3 un poco tarde en\nsuspender las clases y cerrar las fronteras, por ejemplo. Son medidas\nduras,&nbsp; que por supuesto tiene\nconsecuencias econ\u00f3micas, pero que se est\u00e1n tomando en todos los pa\u00edses para\nevitar las glandes aglomeraciones y evitar posibles contagios, algo fundamental\nen estos momentos. <\/p>\n\n\n\n<p><strong>En este programa de asistencia se\nprioriz\u00f3 a los sectores m\u00e1s vulnerables de la sociedad \u00bfCree que es suficiente?\n<\/strong><\/p>\n\n\n\n<p>-Es un una situaci\u00f3n\ncompleja porque se debe buscar un equilibrio para atender a todos los sectores.\nSe anunci\u00f3 un bono \u00fanico de $3000 para jubilados que cobran la m\u00ednima y\nbeneficiarios de la Asignaci\u00f3n Universal por Hijo (AUH) y embarazadas. Sin\nembargo no se est\u00e1 considerando dentro de las medidas a los trabajadores\ninformales, monotribustistas y a las &nbsp;peque\u00f1as y mediana empresas (PYMES), que tambi\u00e9n\nvan ver afectados sus ingresos. Como medida inmediata se debe cancelar por unos\nmeses el pago del monotributo o al menos reducirlo al 50%, esto entendiendo que\nla actividad menor. Tambi\u00e9n debe considerar la situaci\u00f3n de los desempleados\nque deben tener tambi\u00e9n el mismo beneficio de un bono adicional como los\nbeneficiarios del AUH. Por otro lado se encuentran las Pymes, que deben recibir\nasistencia con una reducci\u00f3n temporal cargas patronales, lo que permitir\u00e1 que\npuedan pagar sueldos. Hay casos particulares, muchos de ellos de gran\nimportancia en nuestra provincia, tal como el sector gastron\u00f3mico y tur\u00edstico que\ntambi\u00e9n van a sufrir un fuerte impacto y deben ser asistidos. Ante esto debe\nhaber un an\u00e1lisis profundo para buscar soluciones satisfactorias<\/p>\n\n\n\n<p><strong>\u00bfEn nuestra provincia que sectores se van m\u00e1s perjudicados ?<\/strong><\/p>\n\n\n\n<p>-En esto\nmomento estamos hablando de una situaci\u00f3n global de la cual debemos tratar de\nsalir con la menor cantidad de p\u00e9rdidas tanto humanas como econ\u00f3micas posibles.\nNo sucede en 10 pa\u00edses sino no en el mundo. En este sentido esto tendr\u00e1 como\nconsecuencia un fuerte impacto fiscal debido que el Estado deber\u00e1 invertir m\u00e1s y\ndejar recibir los ingresos de los ciudadanos. En nuestro pa\u00eds esto significar\u00e1\nindudablemente acrecentar el d\u00e9ficit y una emisi\u00f3n monetaria, con los posibles\nriesgos que esto implica.<\/p>\n\n\n\n<p><strong>\u00bfEn qu\u00e9 momento econ\u00f3mico est\u00e1\nnuestro pa\u00eds para afrontar esta situaci\u00f3n?<\/strong><\/p>\n\n\n\n<p>-En lo coyuntural Argentina est\u00e1 en un momento complejo, teniendo en cuenta que est\u00e1 en pleno proceso de negociaci\u00f3n de la deuda ante el FMI. Por otro lado, a largo plazo es bueno destacar que en los \u00faltimos meses a\u00f1o logro disminuir a &nbsp;0,4% d\u00e9ficit fiscal, estabilizar las tarifa de servicios, lo que hac\u00eda prever una &nbsp;situaci\u00f3n de mejora y con posibilidad de iniciar un proceso de inversi\u00f3n y de inversi\u00f3n. Ahora todo vuelve a complicarse. Por ejemplo en la gesti\u00f3n anterior y en la actual, todos los ojos estaban puestos en Vaca Muerta, y hoy en d\u00eda esto es inviable debido a que el barril de petroleo que hace un costaba 65 dolares ahora cuesta 29 d\u00f3lares. Igualmente seria apresurado decir que esto va a seguir igual, debido a que no sabemos como va terminar esta situaci\u00f3n, estoy convencido que debemos esperar 60 o 90 d\u00edas y tener paciencia porque la recuperaci\u00f3n va a ser lenta. La prioridad es otra en estos momentos, es que se puedan salvar la mayor cantidad vidas posibles. <\/p>\n\n\n\n<p><\/p>\n","protected":false},"excerpt":{"rendered":"<p>El economista Juan Ljungberg analiz\u00f3 la situaci\u00f3n econ\u00f3mica en plena crisis por el Coronavirus. En di\u00e1logo con Notinor advirti\u00f3 que todav\u00eda no se puede hablar de una recesi\u00f3n mundial sino de un \"fuerte estancamiento\" que traer\u00e1 aparejado consecuencias que se manifestar\u00e1n los pr\u00f3ximos meses. Adem\u00e1s aclar\u00f3 que es fundamental que nuestro pa\u00eds&nbsp; asista a todos [&hellip;]<\/p>\n","protected":false},"author":1,"featured_media":231190,"comment_status":"open","ping_status":"open","sticky":false,"template":"","format":"standard","meta":{"_stopmodifiedupdate":false,"_modified_date":"","inline_featured_image":false,"spay_email":"","jetpack_publicize_message":"El economista Juan Ljungberg analiz\u00f3 la situaci\u00f3n econ\u00f3mica en plena crisis por el Coronavirus."},"categories":[676,501],"tags":[],"jetpack_featured_media_url":"https:\/\/notinor.com\/jujuy\/wp-content\/uploads\/2020\/03\/LJUNGBERG.jpg","jetpack_publicize_connections":[],"_links":{"self":[{"href":"https:\/\/notinor.com\/jujuy\/wp-json\/wp\/v2\/posts\/231189"}],"collection":[{"href":"https:\/\/notinor.com\/jujuy\/wp-json\/wp\/v2\/posts"}],"about":[{"href":"https:\/\/notinor.com\/jujuy\/wp-json\/wp\/v2\/types\/post"}],"author":[{"embeddable":true,"href":"https:\/\/notinor.com\/jujuy\/wp-json\/wp\/v2\/users\/1"}],"replies":[{"embeddable":true,"href":"https:\/\/notinor.com\/jujuy\/wp-json\/wp\/v2\/comments?post=231189"}],"version-history":[{"count":6,"href":"https:\/\/notinor.com\/jujuy\/wp-json\/wp\/v2\/posts\/231189\/revisions"}],"predecessor-version":[{"id":232230,"href":"https:\/\/notinor.com\/jujuy\/wp-json\/wp\/v2\/posts\/231189\/revisions\/232230"}],"wp:featuredmedia":[{"embeddable":true,"href":"https:\/\/notinor.com\/jujuy\/wp-json\/wp\/v2\/media\/231190"}],"wp:attachment":[{"href":"https:\/\/notinor.com\/jujuy\/wp-json\/wp\/v2\/media?parent=231189"}],"wp:term":[{"taxonomy":"category","embeddable":true,"href":"https:\/\/notinor.com\/jujuy\/wp-json\/wp\/v2\/categories?post=231189"},{"taxonomy":"post_tag","embeddable":true,"href":"https:\/\/notinor.com\/jujuy\/wp-json\/wp\/v2\/tags?post=231189"}],"curies":[{"name":"wp","href":"https:\/\/api.w.org\/{rel}","templated":true}]}}