{"id":231166,"date":"2020-03-18T17:16:54","date_gmt":"2020-03-18T20:16:54","guid":{"rendered":"http:\/\/notinor.com\/jujuy\/?p=231166"},"modified":"2020-03-18T17:16:59","modified_gmt":"2020-03-18T20:16:59","slug":"medidas-preventivas-en-los-espacios-publicos","status":"publish","type":"post","link":"https:\/\/notinor.com\/jujuy\/medidas-preventivas-en-los-espacios-publicos\/","title":{"rendered":"Medidas preventivas en los espacios p\u00fablicos"},"content":{"rendered":"\n<figure class=\"wp-block-image\"><img decoding=\"async\" loading=\"lazy\" width=\"750\" height=\"421\" src=\"http:\/\/notinor.com\/jujuy\/wp-content\/uploads\/2020\/03\/MEDIDAS.jpeg\" alt=\"\" class=\"wp-image-231167\" srcset=\"https:\/\/notinor.com\/jujuy\/wp-content\/uploads\/2020\/03\/MEDIDAS.jpeg 750w, https:\/\/notinor.com\/jujuy\/wp-content\/uploads\/2020\/03\/MEDIDAS-500x280.jpeg 500w, https:\/\/notinor.com\/jujuy\/wp-content\/uploads\/2020\/03\/MEDIDAS-650x365.jpeg 650w\" sizes=\"(max-width: 750px) 100vw, 750px\" \/><\/figure>\n\n\n\n<p class=\"has-background has-vivid-cyan-blue-background-color\"><strong>El Municipio capitalino, a trav\u00e9s de la direcci\u00f3n de Espacio P\u00fablico, a cargo de Facundo Cha\u00f1i, dependiente de la secretar\u00eda de Gobierno, junto al director de Seguridad de la Provincia, Comisario General Lamas, y en concordancia con lo dispuesto por el Gobernador de Jujuy, en su comunicado y lo que prescribe la Ordenanza emanada del ejecutivo Municipal, se est\u00e1n intensificando los controles con colaboraci\u00f3n de la Polic\u00eda de la Provincia.<\/strong><\/p>\n\n\n\n<p>En principio se insta a la poblaci\u00f3n a permanecer en sus\ncasas. En cuanto a los vendedores ambulantes se est\u00e1 trabajando y priorizando\nel tema alimentario, esta tarea se realiza junto a la Direcci\u00f3n de Seguridad\nAlimentaria por lo que se insta a la poblaci\u00f3n a:<\/p>\n\n\n\n<p>1.- No concurrir a puestos de venta ambulante sin\nautorizaci\u00f3n emanada de la direcci\u00f3n de Control de Espacios P\u00fablicos y\nNocturnidad.<\/p>\n\n\n\n<p>2.- En caso de poseer permiso, fraccionar la venta\nalternando d\u00edas y horas, con las respectivas medidas de seguridad (barbijos,\ncofia, guantes de latex, alcohol en gel, curso de manipulaci\u00f3n de alimento,\nresguardo hermetico de los mismos).<\/p>\n\n\n\n<p>En caso de incumplimiento de las anteriores advertencias o\ndesobediencia al personal de control del municipio, la polic\u00eda de la provincia\ntiene instrucciones de proceder a actuar en \u201cflagrancia\u201d y disponer las\nsanciones correspondientes.<\/p>\n\n\n\n<p>En el d\u00eda de la fecha se realiz\u00f3 el primer operativo conjunto instando a retirarse a los vendedores ambulantes junto a la polic\u00eda de la provincia. Los operativos continuar\u00e1n en zona vieja terminal, centro, parques y hospitales en el transcurso de los d\u00edas, intensificando las tareas en prevenci\u00f3n del COVID-19.<\/p>\n","protected":false},"excerpt":{"rendered":"<p>El Municipio capitalino, a trav\u00e9s de la direcci\u00f3n de Espacio P\u00fablico, a cargo de Facundo Cha\u00f1i, dependiente de la secretar\u00eda de Gobierno, junto al director de Seguridad de la Provincia, Comisario General Lamas, y en concordancia con lo dispuesto por el Gobernador de Jujuy, en su comunicado y lo que prescribe la Ordenanza emanada del [&hellip;]<\/p>\n","protected":false},"author":5,"featured_media":231167,"comment_status":"open","ping_status":"open","sticky":false,"template":"","format":"standard","meta":{"_stopmodifiedupdate":false,"_modified_date":"","inline_featured_image":false,"spay_email":"","jetpack_publicize_message":""},"categories":[514],"tags":[],"jetpack_featured_media_url":"https:\/\/notinor.com\/jujuy\/wp-content\/uploads\/2020\/03\/MEDIDAS.jpeg","jetpack_publicize_connections":[],"_links":{"self":[{"href":"https:\/\/notinor.com\/jujuy\/wp-json\/wp\/v2\/posts\/231166"}],"collection":[{"href":"https:\/\/notinor.com\/jujuy\/wp-json\/wp\/v2\/posts"}],"about":[{"href":"https:\/\/notinor.com\/jujuy\/wp-json\/wp\/v2\/types\/post"}],"author":[{"embeddable":true,"href":"https:\/\/notinor.com\/jujuy\/wp-json\/wp\/v2\/users\/5"}],"replies":[{"embeddable":true,"href":"https:\/\/notinor.com\/jujuy\/wp-json\/wp\/v2\/comments?post=231166"}],"version-history":[{"count":1,"href":"https:\/\/notinor.com\/jujuy\/wp-json\/wp\/v2\/posts\/231166\/revisions"}],"predecessor-version":[{"id":231168,"href":"https:\/\/notinor.com\/jujuy\/wp-json\/wp\/v2\/posts\/231166\/revisions\/231168"}],"wp:featuredmedia":[{"embeddable":true,"href":"https:\/\/notinor.com\/jujuy\/wp-json\/wp\/v2\/media\/231167"}],"wp:attachment":[{"href":"https:\/\/notinor.com\/jujuy\/wp-json\/wp\/v2\/media?parent=231166"}],"wp:term":[{"taxonomy":"category","embeddable":true,"href":"https:\/\/notinor.com\/jujuy\/wp-json\/wp\/v2\/categories?post=231166"},{"taxonomy":"post_tag","embeddable":true,"href":"https:\/\/notinor.com\/jujuy\/wp-json\/wp\/v2\/tags?post=231166"}],"curies":[{"name":"wp","href":"https:\/\/api.w.org\/{rel}","templated":true}]}}