{"id":231161,"date":"2020-03-18T16:40:51","date_gmt":"2020-03-18T19:40:51","guid":{"rendered":"http:\/\/notinor.com\/jujuy\/?p=231161"},"modified":"2020-03-18T16:40:56","modified_gmt":"2020-03-18T19:40:56","slug":"en-jujuy-se-suspenden-todas-las-misas-por-el-coronavirus","status":"publish","type":"post","link":"https:\/\/notinor.com\/jujuy\/en-jujuy-se-suspenden-todas-las-misas-por-el-coronavirus\/","title":{"rendered":"En Jujuy se suspenden todas las misas por el coronavirus"},"content":{"rendered":"\n<p><\/p>\n\n\n\n<p> C\u00e9sar Daniel Fern\u00e1ndez, informo la suspensi\u00f3n de todas las misas y celebraciones lit\u00fargicas con presencia de p\u00fablico hasta nuevo aviso. <\/p>\n\n\n\n<p><\/p>\n\n\n\n<p>En el mensaje, el Obispo de Jujuy habl\u00f3 sobre la situaci\u00f3n que est\u00e1 causando el coronavirus y record\u00f3 dos importantes mandamientos, el amor a Dios y el amor al pr\u00f3jimo, dijo que \u201cno se puede amar a Dios sin antes amar al pr\u00f3jimo\u201d.<\/p>\n\n\n\n<figure class=\"wp-block-image\"><img decoding=\"async\" loading=\"lazy\" width=\"800\" height=\"533\" src=\"https:\/\/i0.wp.com\/notinor.com\/jujuy\/wp-content\/uploads\/2020\/03\/obispo-2.jpg?fit=720%2C480\" alt=\"\" class=\"wp-image-231163\" srcset=\"https:\/\/notinor.com\/jujuy\/wp-content\/uploads\/2020\/03\/obispo-2.jpg 800w, https:\/\/notinor.com\/jujuy\/wp-content\/uploads\/2020\/03\/obispo-2-548x365.jpg 548w, https:\/\/notinor.com\/jujuy\/wp-content\/uploads\/2020\/03\/obispo-2-768x512.jpg 768w, https:\/\/notinor.com\/jujuy\/wp-content\/uploads\/2020\/03\/obispo-2-720x480.jpg 720w, https:\/\/notinor.com\/jujuy\/wp-content\/uploads\/2020\/03\/obispo-2-400x266.jpg 400w\" sizes=\"(max-width: 800px) 100vw, 800px\" \/><figcaption>C\u00e9sar Fern\u00e1ndez, obispo de Jujuy<\/figcaption><\/figure>\n\n\n\n<p>Inform\u00f3 que en la Di\u00f3cesis suspendieron las celebraciones lit\u00fargicas hasta nuevo aviso, para cumplimentar las normas sanitarias y gubernamentales referidas en este tema.<\/p>\n\n\n\n<p>En otra parte invit\u00f3 Monse\u00f1or Fern\u00e1ndez a \u201cponer toda la esperanza en el Se\u00f1or, a escuchar la palabra de Dios, a rezar todos en casa, a mirar la misa por televisi\u00f3n y escuchar por radio, buscar todos los medios posible para estar fuertes en la fe, en la esperanza y en el amor\u201d.<\/p>\n","protected":false},"excerpt":{"rendered":"<p>C\u00e9sar Daniel Fern\u00e1ndez, informo la suspensi\u00f3n de todas las misas y celebraciones lit\u00fargicas con presencia de p\u00fablico hasta nuevo aviso. En el mensaje, el Obispo de Jujuy habl\u00f3 sobre la situaci\u00f3n que est\u00e1 causando el coronavirus y record\u00f3 dos importantes mandamientos, el amor a Dios y el amor al pr\u00f3jimo, dijo que \u201cno se puede [&hellip;]<\/p>\n","protected":false},"author":1,"featured_media":231162,"comment_status":"open","ping_status":"open","sticky":false,"template":"","format":"standard","meta":{"_stopmodifiedupdate":false,"_modified_date":"","inline_featured_image":false,"spay_email":"","jetpack_publicize_message":" C\u00e9sar Daniel Fern\u00e1ndez, informo la suspensi\u00f3n de todas las misas y celebraciones lit\u00fargicas con presencia de p\u00fablico hasta nuevo aviso. \n"},"categories":[514],"tags":[600],"jetpack_featured_media_url":"https:\/\/notinor.com\/jujuy\/wp-content\/uploads\/2020\/03\/iglesias-de-jujuy.jpg","jetpack_publicize_connections":[],"_links":{"self":[{"href":"https:\/\/notinor.com\/jujuy\/wp-json\/wp\/v2\/posts\/231161"}],"collection":[{"href":"https:\/\/notinor.com\/jujuy\/wp-json\/wp\/v2\/posts"}],"about":[{"href":"https:\/\/notinor.com\/jujuy\/wp-json\/wp\/v2\/types\/post"}],"author":[{"embeddable":true,"href":"https:\/\/notinor.com\/jujuy\/wp-json\/wp\/v2\/users\/1"}],"replies":[{"embeddable":true,"href":"https:\/\/notinor.com\/jujuy\/wp-json\/wp\/v2\/comments?post=231161"}],"version-history":[{"count":1,"href":"https:\/\/notinor.com\/jujuy\/wp-json\/wp\/v2\/posts\/231161\/revisions"}],"predecessor-version":[{"id":231164,"href":"https:\/\/notinor.com\/jujuy\/wp-json\/wp\/v2\/posts\/231161\/revisions\/231164"}],"wp:featuredmedia":[{"embeddable":true,"href":"https:\/\/notinor.com\/jujuy\/wp-json\/wp\/v2\/media\/231162"}],"wp:attachment":[{"href":"https:\/\/notinor.com\/jujuy\/wp-json\/wp\/v2\/media?parent=231161"}],"wp:term":[{"taxonomy":"category","embeddable":true,"href":"https:\/\/notinor.com\/jujuy\/wp-json\/wp\/v2\/categories?post=231161"},{"taxonomy":"post_tag","embeddable":true,"href":"https:\/\/notinor.com\/jujuy\/wp-json\/wp\/v2\/tags?post=231161"}],"curies":[{"name":"wp","href":"https:\/\/api.w.org\/{rel}","templated":true}]}}