{"id":231147,"date":"2020-03-18T15:03:50","date_gmt":"2020-03-18T18:03:50","guid":{"rendered":"http:\/\/notinor.com\/jujuy\/?p=231147"},"modified":"2020-03-18T15:03:55","modified_gmt":"2020-03-18T18:03:55","slug":"extreman-medidas-ante-la-emergencia-sanitaria","status":"publish","type":"post","link":"https:\/\/notinor.com\/jujuy\/extreman-medidas-ante-la-emergencia-sanitaria\/","title":{"rendered":"Extreman medidas ante la emergencia sanitaria"},"content":{"rendered":"\n<figure class=\"wp-block-image\"><img decoding=\"async\" loading=\"lazy\" width=\"750\" height=\"335\" src=\"http:\/\/notinor.com\/jujuy\/wp-content\/uploads\/2020\/03\/mas-medidas.jpeg\" alt=\"\" class=\"wp-image-231148\" srcset=\"https:\/\/notinor.com\/jujuy\/wp-content\/uploads\/2020\/03\/mas-medidas.jpeg 750w, https:\/\/notinor.com\/jujuy\/wp-content\/uploads\/2020\/03\/mas-medidas-660x295.jpeg 660w\" sizes=\"(max-width: 750px) 100vw, 750px\" \/><\/figure>\n\n\n\n<p class=\"has-background has-vivid-cyan-blue-background-color\"><strong>El Intendente de San Salvador de Jujuy, Ra\u00fal \u201cChuli\u201d Jorge, anunci\u00f3 la adhesi\u00f3n de la Municipalidad de la Capital al \u00faltimo decreto del Comit\u00e9 de Emergencia (COE) Provincial, a la vez que anunci\u00f3 mayores restricciones para evitar la aglomeraci\u00f3n de personas en la ciudad y ratific\u00f3 la prestaci\u00f3n de servicio de saneamiento, alumbrado p\u00fablico y espacios verdes.<\/strong><\/p>\n\n\n\n<p>El titular del Ejecutivo Municipal, \u201cChuli\u201d Jorge realiz\u00f3\nestos anuncios, tras presidir una nueva reuni\u00f3n del Comit\u00e9 de Emergencia local\nque est\u00e1 integrado por su gabinete de gobierno; el presidente del Concejo\nDeliberante, Lisandro Aguiar; el vocero del COE municipal y funcionarios\nmunicipales de \u00e1reas de Salud.<\/p>\n\n\n\n<p>\u201cEn el \u00e1mbito de la autonom\u00eda de la Municipalidad se adopt\u00f3\nla decisi\u00f3n del Ejecutivo del cierre de los cementerios de Nuestra Se\u00f1ora del\nRosario y El Salvador, los cuales solamente abrir\u00e1n sus accesos para\ninhumaciones con la participaci\u00f3n de los deudos (familiares directos)\u201d y\nsubray\u00f3 la adhesi\u00f3n explicita de los dos cementerios privados, Parque El Solar\ny El Castillo.<\/p>\n\n\n\n<p>En este marco, dijo \u201cel Paseo de las Flores, que se realiza\nlos s\u00e1bados a la ma\u00f1ana en avenida 19 de Abril, va a dejar de funcionar\nmientras dure la emergencia sanitaria\u201d. Luego afirm\u00f3 \u201clos Mercados Municipales\nvan a seguir funcionando normalmente, siempre tomando las precauciones en la\natenci\u00f3n, que significa la distancia de los puestos, en especial el mercado de\nConcentraci\u00f3n y Abasto de avenida Almirante Brown que brinda una atenci\u00f3n\nespecial a personas mayores de 60 a\u00f1os, de 17 a 18 horas, todos los d\u00edas. Los\ndomingos que cierran las naves de ventas para la limpieza y desinfecci\u00f3n\u201d.<\/p>\n\n\n\n<p>\u201cTambi\u00e9n -continu\u00f3- se dispuso una guardia m\u00ednima en el\nsector de Obras P\u00fablicas para casos de emergencia de la red vial u otros\nproblemas que puedan acontecer por la inclemencia del tiempo y dificulten\nseriamente la infraestructura urbana\u201d.<\/p>\n\n\n\n<p>Asimismo se refiri\u00f3 a las ferias urbanas que realiza la\nMunicipalidad en los barrios, como FFAVeM, que este s\u00e1bado debe concretarse en\nCiudad de Nieva, \u201cla secretaria de Planificaci\u00f3n, Modernizaci\u00f3n y Desarrollo va\na tomar la precauci\u00f3n para que se haga en relaci\u00f3n a la distancia que tienen\nque tener los puestos y eventualmente los vecinos que decidan aprovisionarse de\ndicha feria, igual medida deber\u00e1 acatar la feria de Kennedy\u201d.<\/p>\n\n\n\n<p>La administraci\u00f3n p\u00fablica estar\u00e1 paralizada hasta el 25 del\ncorriente mes. Las Delegaciones Municipales estar\u00e1n sin atenci\u00f3n al p\u00fablico,\nsin administrativos. El \u00e1rea de servicios si trabaja, con personal m\u00ednimo y\nmanteniendo los recaudos.<\/p>\n\n\n\n<p>Seguridad Alimentaria trabajar\u00e1 con el servicio de sellado e\nintroducci\u00f3n solamente. Reducci\u00f3n al m\u00ednimo del personal siendo los inspectores\nquienes controlar\u00e1n los gastron\u00f3micos por el bienestar de los vecinos y\nvecinas.<\/p>\n\n\n\n<p>La direcci\u00f3n de Espacio P\u00fablico har\u00e1 lo propio ya que la\nciudad necesita a los inspectores para hacer cumplir las medidas de sanidad.\nPor tanto el trabajo se realizar\u00e1 por turnos rotatorios. La misma medida\ndispuso el \u00e1rea de Control Comercial.<\/p>\n\n\n\n<p>Desde la direcci\u00f3n de Descentralizaci\u00f3n se solicit\u00f3 a los\nencargados de los CPV citar a los beneficiarios de la garrafa social con distintos\nturnos, manteniendo la distancia y solicitando a los lugares paciencia ya que\nse demorar\u00e1 m\u00e1s de lo previsto.<\/p>\n\n\n\n<p>Por otro lado, el Juzgado de Faltas tampoco tendr\u00e1\nconcurrencia, al igual que Habilitaciones.<\/p>\n\n\n\n<p>En cuanto a Zoonosis, se suspende toda actividad.<\/p>\n\n\n\n<p>Asistencia Directa estar\u00e1 cerrada al p\u00fablico pero mantendr\u00e1\nuna guardia telef\u00f3nica en el: 4020482 con horario de 7 a 13hs.<\/p>\n\n\n\n<p>Mientras que la direcci\u00f3n de Paridad de G\u00e9nero, habilit\u00f3 un\nequipo de profesionales que trabajar\u00e1n de guardia. Ante denuncias podr\u00e1n\nrealizarlas de manera telef\u00f3nica al 388-438 3277 (Distrito Alto Comedero) o\n388- 5799834 (Distrito Capital y alrededores).<\/p>\n\n\n\n<p>La direcci\u00f3n de Ni\u00f1ez y Adolescencia mantendr\u00e1 una guardia\nm\u00ednima telef\u00f3nica en caso de denuncias, al 388- 4400837.<\/p>\n\n\n\n<p>La direcci\u00f3n de Salud cerrar\u00e1, al igual que *Educaci\u00f3n,\nDeporte y Recreaci\u00f3n, Adultos Mayores.<\/p>\n\n\n\n<p>Finalmente, \u201ccon esta comunicaci\u00f3n, tambi\u00e9n hacemos un\nllamado a la conciencia p\u00fablica a los gremios que trabajan en el municipio para\nque acompa\u00f1e en esta emergencia, como lo est\u00e1n realizando todos sectores de la\ncomunidad poniendo el esfuerzo y definir nuestra vocaci\u00f3n de servicio, somos\nservidores p\u00fablicos por eso tenemos que hacer los esfuerzos necesarios que\nrequiera la comunidad en esta hora tan cruel y dif\u00edcil que vive el pa\u00eds, la\nprovincia y el mundo\u201d, concluy\u00f3 el Intendente de San Salvador de Jujuy.<\/p>\n","protected":false},"excerpt":{"rendered":"<p>El Intendente de San Salvador de Jujuy, Ra\u00fal \u201cChuli\u201d Jorge, anunci\u00f3 la adhesi\u00f3n de la Municipalidad de la Capital al \u00faltimo decreto del Comit\u00e9 de Emergencia (COE) Provincial, a la vez que anunci\u00f3 mayores restricciones para evitar la aglomeraci\u00f3n de personas en la ciudad y ratific\u00f3 la prestaci\u00f3n de servicio de saneamiento, alumbrado p\u00fablico y [&hellip;]<\/p>\n","protected":false},"author":5,"featured_media":231148,"comment_status":"open","ping_status":"open","sticky":false,"template":"","format":"standard","meta":{"_stopmodifiedupdate":false,"_modified_date":"","inline_featured_image":false,"spay_email":"","jetpack_publicize_message":""},"categories":[514],"tags":[],"jetpack_featured_media_url":"https:\/\/notinor.com\/jujuy\/wp-content\/uploads\/2020\/03\/mas-medidas.jpeg","jetpack_publicize_connections":[],"_links":{"self":[{"href":"https:\/\/notinor.com\/jujuy\/wp-json\/wp\/v2\/posts\/231147"}],"collection":[{"href":"https:\/\/notinor.com\/jujuy\/wp-json\/wp\/v2\/posts"}],"about":[{"href":"https:\/\/notinor.com\/jujuy\/wp-json\/wp\/v2\/types\/post"}],"author":[{"embeddable":true,"href":"https:\/\/notinor.com\/jujuy\/wp-json\/wp\/v2\/users\/5"}],"replies":[{"embeddable":true,"href":"https:\/\/notinor.com\/jujuy\/wp-json\/wp\/v2\/comments?post=231147"}],"version-history":[{"count":1,"href":"https:\/\/notinor.com\/jujuy\/wp-json\/wp\/v2\/posts\/231147\/revisions"}],"predecessor-version":[{"id":231149,"href":"https:\/\/notinor.com\/jujuy\/wp-json\/wp\/v2\/posts\/231147\/revisions\/231149"}],"wp:featuredmedia":[{"embeddable":true,"href":"https:\/\/notinor.com\/jujuy\/wp-json\/wp\/v2\/media\/231148"}],"wp:attachment":[{"href":"https:\/\/notinor.com\/jujuy\/wp-json\/wp\/v2\/media?parent=231147"}],"wp:term":[{"taxonomy":"category","embeddable":true,"href":"https:\/\/notinor.com\/jujuy\/wp-json\/wp\/v2\/categories?post=231147"},{"taxonomy":"post_tag","embeddable":true,"href":"https:\/\/notinor.com\/jujuy\/wp-json\/wp\/v2\/tags?post=231147"}],"curies":[{"name":"wp","href":"https:\/\/api.w.org\/{rel}","templated":true}]}}