{"id":23088,"date":"2015-04-12T03:12:47","date_gmt":"2015-04-12T06:12:47","guid":{"rendered":"http:\/\/notinor.com\/jujuy\/?p=23088"},"modified":"2015-04-12T03:12:47","modified_gmt":"2015-04-12T06:12:47","slug":"hoy-se-celebrara-la-fiesta-de-la-divina-misericordia","status":"publish","type":"post","link":"https:\/\/notinor.com\/jujuy\/hoy-se-celebrara-la-fiesta-de-la-divina-misericordia\/","title":{"rendered":"Hoy se celebrara la fiesta de la Divina Misericordia"},"content":{"rendered":"<p>Se conmemorara en diferentes iglesias de nuestra ciudad. Entre ellas podemos citar en San Pedrito, la Iglesia San Pedro y San Pablo que iniciara a las 17 horas con misa y procesi\u00f3n.<\/p>\n<p>En Iglesia Catedral, a la noche, a partir de las 20 horas se realizara con posterior procesi\u00f3n.<\/p>\n<p>Juan Pablo II instaur\u00f3 la fiesta de la Divina Misericordia de acuerdo con las revelaciones de la santa polaca Mar\u00eda Faustina Kowalska.<\/p>\n<p>Se venera especialmente la imagen de Jes\u00fas Misericordioso, pintada seg\u00fan la descripci\u00f3n de la religiosa polaca; en ella, Jes\u00fas Resucitado aparece con rayos rojos y azules que representan la sangre y el agua que brotaron cuando su Coraz\u00f3n fue abierto con una lanza en la cruz.<\/p>\n<p>&nbsp;<\/p>\n<p>Adem\u00e1s, otorg\u00f3 la indulgencia plenaria para los que, cumpliendo debidamente los preceptos, participen ese d\u00eda de las celebraciones en cualquier iglesia u oratorio, indic\u00f3 la agencia AICA.<\/p>\n<div class=\"articleCredit\">\n<div class=\"lineSpacer\"><\/div>\n<div class=\"creditElements\"><\/div>\n<\/div>\n","protected":false},"excerpt":{"rendered":"<p>Se conmemorara en diferentes iglesias de nuestra ciudad. Entre ellas podemos citar en San Pedrito, la Iglesia San Pedro y San Pablo que iniciara a las 17 horas con misa y procesi\u00f3n. En Iglesia Catedral, a la noche, a partir de las 20 horas se realizara con posterior procesi\u00f3n. Juan Pablo II instaur\u00f3 la fiesta [&hellip;]<\/p>\n","protected":false},"author":1,"featured_media":23089,"comment_status":"open","ping_status":"open","sticky":false,"template":"","format":"standard","meta":{"_stopmodifiedupdate":false,"_modified_date":"","inline_featured_image":false,"spay_email":"","jetpack_publicize_message":""},"categories":[13],"tags":[],"jetpack_featured_media_url":"https:\/\/notinor.com\/jujuy\/wp-content\/uploads\/2015\/04\/misericordia.jpg","jetpack_publicize_connections":[],"_links":{"self":[{"href":"https:\/\/notinor.com\/jujuy\/wp-json\/wp\/v2\/posts\/23088"}],"collection":[{"href":"https:\/\/notinor.com\/jujuy\/wp-json\/wp\/v2\/posts"}],"about":[{"href":"https:\/\/notinor.com\/jujuy\/wp-json\/wp\/v2\/types\/post"}],"author":[{"embeddable":true,"href":"https:\/\/notinor.com\/jujuy\/wp-json\/wp\/v2\/users\/1"}],"replies":[{"embeddable":true,"href":"https:\/\/notinor.com\/jujuy\/wp-json\/wp\/v2\/comments?post=23088"}],"version-history":[{"count":1,"href":"https:\/\/notinor.com\/jujuy\/wp-json\/wp\/v2\/posts\/23088\/revisions"}],"predecessor-version":[{"id":23090,"href":"https:\/\/notinor.com\/jujuy\/wp-json\/wp\/v2\/posts\/23088\/revisions\/23090"}],"wp:featuredmedia":[{"embeddable":true,"href":"https:\/\/notinor.com\/jujuy\/wp-json\/wp\/v2\/media\/23089"}],"wp:attachment":[{"href":"https:\/\/notinor.com\/jujuy\/wp-json\/wp\/v2\/media?parent=23088"}],"wp:term":[{"taxonomy":"category","embeddable":true,"href":"https:\/\/notinor.com\/jujuy\/wp-json\/wp\/v2\/categories?post=23088"},{"taxonomy":"post_tag","embeddable":true,"href":"https:\/\/notinor.com\/jujuy\/wp-json\/wp\/v2\/tags?post=23088"}],"curies":[{"name":"wp","href":"https:\/\/api.w.org\/{rel}","templated":true}]}}