{"id":23064,"date":"2015-04-12T01:55:32","date_gmt":"2015-04-12T04:55:32","guid":{"rendered":"http:\/\/notinor.com\/jujuy\/?p=23064"},"modified":"2015-04-12T01:55:32","modified_gmt":"2015-04-12T04:55:32","slug":"reparacion-de-arterias-en-villa-jardin-de-reyes","status":"publish","type":"post","link":"https:\/\/notinor.com\/jujuy\/reparacion-de-arterias-en-villa-jardin-de-reyes\/","title":{"rendered":"Reparaci\u00f3n de arterias en Villa Jard\u00edn de Reyes"},"content":{"rendered":"<p>La Delegaci\u00f3n Municipal de Villa Jard\u00edn de Reyes dependiente de la Secretaria de Gobierno, lleva adelante trabajos de reparaci\u00f3n de arterias con tareas de nivelado para su posterior enripiado, paralelamente se procedi\u00f3 a la limpieza de acequias que fueron taponeadas tras los sedimentos que originaron las persistentes lluvias.<\/p>\n<p>El responsable del organismo comunal Daniel Ruiz enfatiz\u00f3 que \u201cpersonal se encuentra trabajando en la recuperaci\u00f3n de las acequias, reparaci\u00f3n de calzada y arreglo de calles para lo cual se afectaron maquinaria pesada de Obras Viales\u201d.<\/p>\n<p style=\"text-align: center;\"><a href=\"http:\/\/notinor.com\/jujuy\/wp-content\/uploads\/2015\/04\/arreglo-reyes-1.jpg\"><img decoding=\"async\" loading=\"lazy\" class=\"alignnone  wp-image-23065\" src=\"http:\/\/notinor.com\/jujuy\/wp-content\/uploads\/2015\/04\/arreglo-reyes-1.jpg\" alt=\"arreglo reyes (1)\" width=\"623\" height=\"415\" srcset=\"https:\/\/notinor.com\/jujuy\/wp-content\/uploads\/2015\/04\/arreglo-reyes-1.jpg 900w, https:\/\/notinor.com\/jujuy\/wp-content\/uploads\/2015\/04\/arreglo-reyes-1-300x200.jpg 300w\" sizes=\"(max-width: 623px) 100vw, 623px\" \/><\/a><\/p>\n<p>Las calles que fueron sometidas a reparaci\u00f3n son: Yerbita, Francisco Ferraro, \u201cChiquito\u201d Benencia, \u201cCanilla\u201d Acosta, Andreoni, entre otras, que la semana pr\u00f3xima ser\u00e1n enripiada para su transitabilidad.<\/p>\n<p>Ruiz dijo que, \u201clas constantes precipitaciones da\u00f1aron la calzada y retrasaron los arreglos sin embargo los trabajos de reparaci\u00f3n se est\u00e1n realizando, en especial en los sectores m\u00e1s comprometidos como las calles linderas de la Villa y tareas continuar\u00e1n en otros sectores\u201d.<\/p>\n<p>\u201cEl municipio de San Salvador de Jujuy a pesar de las inclemencias clim\u00e1ticas, est\u00e1 cumpliendo con equipo pesado y personal, a fin de solucionar la problem\u00e1tica de los vecinos\u201d y pidi\u00f3 disculpas a los residentes \u201cpor las molestias ocasionadas por tales obras y agradeci\u00f3 la participaci\u00f3n de los vecinos\u201d.<\/p>\n","protected":false},"excerpt":{"rendered":"<p>La Delegaci\u00f3n Municipal de Villa Jard\u00edn de Reyes dependiente de la Secretaria de Gobierno, lleva adelante trabajos de reparaci\u00f3n de arterias con tareas de nivelado para su posterior enripiado, paralelamente se procedi\u00f3 a la limpieza de acequias que fueron taponeadas tras los sedimentos que originaron las persistentes lluvias. El responsable del organismo comunal Daniel Ruiz [&hellip;]<\/p>\n","protected":false},"author":1,"featured_media":23065,"comment_status":"open","ping_status":"open","sticky":false,"template":"","format":"standard","meta":{"_stopmodifiedupdate":false,"_modified_date":"","inline_featured_image":false,"spay_email":"","jetpack_publicize_message":""},"categories":[490],"tags":[],"jetpack_featured_media_url":"https:\/\/notinor.com\/jujuy\/wp-content\/uploads\/2015\/04\/arreglo-reyes-1.jpg","jetpack_publicize_connections":[],"_links":{"self":[{"href":"https:\/\/notinor.com\/jujuy\/wp-json\/wp\/v2\/posts\/23064"}],"collection":[{"href":"https:\/\/notinor.com\/jujuy\/wp-json\/wp\/v2\/posts"}],"about":[{"href":"https:\/\/notinor.com\/jujuy\/wp-json\/wp\/v2\/types\/post"}],"author":[{"embeddable":true,"href":"https:\/\/notinor.com\/jujuy\/wp-json\/wp\/v2\/users\/1"}],"replies":[{"embeddable":true,"href":"https:\/\/notinor.com\/jujuy\/wp-json\/wp\/v2\/comments?post=23064"}],"version-history":[{"count":1,"href":"https:\/\/notinor.com\/jujuy\/wp-json\/wp\/v2\/posts\/23064\/revisions"}],"predecessor-version":[{"id":23066,"href":"https:\/\/notinor.com\/jujuy\/wp-json\/wp\/v2\/posts\/23064\/revisions\/23066"}],"wp:featuredmedia":[{"embeddable":true,"href":"https:\/\/notinor.com\/jujuy\/wp-json\/wp\/v2\/media\/23065"}],"wp:attachment":[{"href":"https:\/\/notinor.com\/jujuy\/wp-json\/wp\/v2\/media?parent=23064"}],"wp:term":[{"taxonomy":"category","embeddable":true,"href":"https:\/\/notinor.com\/jujuy\/wp-json\/wp\/v2\/categories?post=23064"},{"taxonomy":"post_tag","embeddable":true,"href":"https:\/\/notinor.com\/jujuy\/wp-json\/wp\/v2\/tags?post=23064"}],"curies":[{"name":"wp","href":"https:\/\/api.w.org\/{rel}","templated":true}]}}