{"id":229384,"date":"2020-02-11T15:50:49","date_gmt":"2020-02-11T18:50:49","guid":{"rendered":"http:\/\/notinor.com\/jujuy\/?p=229384"},"modified":"2020-02-11T15:50:55","modified_gmt":"2020-02-11T18:50:55","slug":"iniciara-el-tramite-del-begu-2020-en-los-niveles-secundario-terciario-y-universitario","status":"publish","type":"post","link":"https:\/\/notinor.com\/jujuy\/iniciara-el-tramite-del-begu-2020-en-los-niveles-secundario-terciario-y-universitario\/","title":{"rendered":"Iniciar\u00e1 el tr\u00e1mite del BEGU 2020 en los niveles secundario terciario y universitario"},"content":{"rendered":"\n<figure class=\"wp-block-image\"><img decoding=\"async\" loading=\"lazy\" width=\"650\" height=\"433\" src=\"http:\/\/notinor.com\/jujuy\/wp-content\/uploads\/2020\/02\/foto-achicada.jpg\" alt=\"\" class=\"wp-image-229385\" srcset=\"https:\/\/notinor.com\/jujuy\/wp-content\/uploads\/2020\/02\/foto-achicada.jpg 650w, https:\/\/notinor.com\/jujuy\/wp-content\/uploads\/2020\/02\/foto-achicada-548x365.jpg 548w, https:\/\/notinor.com\/jujuy\/wp-content\/uploads\/2020\/02\/foto-achicada-400x266.jpg 400w\" sizes=\"(max-width: 650px) 100vw, 650px\" \/><\/figure>\n\n\n\n<p class=\"has-background has-vivid-cyan-blue-background-color\"><strong>Se dio a conocer la fecha de inscripci\u00f3n para los niveles secundario, terciario y universitario. Mientras que los alumnos del nivel inicial y primario registrar\u00e1n la misma modalidad del a\u00f1o pasado, con el pase libre siempre, usando el uniforme o equipo de educaci\u00f3n f\u00edsica identificatorio del establecimiento educativo.<\/strong><\/p>\n\n\n\n<p>Al respecto, Cecilia Rivero, Encargada del B.E.G.U., ampli\u00f3\nque la inscripci\u00f3n del BEGU 2020 se podr\u00e1 realizar en 10 puntos de atenci\u00f3n\nhabilitados en diferentes barrios de la ciudad para registrar la operaci\u00f3n.<\/p>\n\n\n\n<p>En este orden, para los alumnos de Nivel Secundario o\nTerciario los requisitos son:<\/p>\n\n\n\n<p>\u2013DNI original del beneficiario (el domicilio que figure en\nel mismo, debe ser de capital, de no ser as\u00ed traer el certificado de residencia\nactualizado)<\/p>\n\n\n\n<p>Constancia de alumno regular o matricula o pago de\ncooperadora o constancia de inscripci\u00f3n; en todos los casos debidamente sellada\npor la instituci\u00f3n y firmada por autoridad competente (director\/a secretario\/a\no jefe de preceptores)<\/p>\n\n\n\n<p>-Tarjeta SUBE en buenas condiciones de conservaci\u00f3n<\/p>\n\n\n\n<p>Para el caso del Nivel Universitario los requisitos son los\nsiguientes:<\/p>\n\n\n\n<p>-DNI original de beneficiario (el domicilio que figure en el\nmismo, debe ser de capital, de no ser as\u00ed traer el certificado de residencia\nactualizado)<\/p>\n\n\n\n<p>-Ingresantes 2020: Constancia de inscripci\u00f3n definitiva a\u00f1o\n2020, debidamente sellada por instituci\u00f3n (no tirilla de preinscripci\u00f3n).<\/p>\n\n\n\n<p>Alumnos re ingresantes o de 2do. A\u00f1o en adelante: anal\u00edtico\ny\/o constancia de activo simple o pleno (sello institucional y firma de\nautoridad competente).<\/p>\n\n\n\n<p>Tarjeta SUBE en buenas condiciones de conservaci\u00f3n.<\/p>\n\n\n\n<p>En todos los casos si la documentaci\u00f3n es copia, traer el\noriginal para constatar autenticidad. De no ser as\u00ed, la copia deber estar\ncertificada con sello y firma de la instituci\u00f3n acad\u00e9mica.<\/p>\n\n\n\n<p>Puntos de atenci\u00f3n BEGU para iniciar el tr\u00e1mite:<\/p>\n\n\n\n<p>CPV Santa Ana: B\u00ba Alto Comedero, ubicado en Comandante de la\nColina esquina Capit\u00e1n Krause en los horarios de 8 a 13.<\/p>\n\n\n\n<p>En la Delegaci\u00f3n Municipal de Alto Comedero: sector B3,\navenida Forestal 368 esq. Carahunco, de 8 a 13 y de 14 a 20 horas.<\/p>\n\n\n\n<p>CPV Madre Teresa de Calcuta; sector B6, Pampa Blanca esq. La\nCi\u00e9naga, en los horarios de 8 a 13 y 14 a 20.<\/p>\n\n\n\n<p>CPV del B\u00ba Malvinas: avenida Mejias Nro. 180 esq. San Luis\nde 8 a 13 y de 14 a 20 horas.<\/p>\n\n\n\n<p>En la direcci\u00f3n de Educaci\u00f3n de la Municipalidad: B\u00ba Lujan\ncalle Tumusla casi esq. av. El \u00c9xodo. De 8 a 13 y de 14 a 20 horas.<\/p>\n\n\n\n<p>Luego en la direcci\u00f3n de Juventud: B\u00ba Alto Gorriti: en Santa\nCatalina Nro. 81, de 8 a 13 horas.<\/p>\n\n\n\n<p>Delegaci\u00f3n Municipal de Villa Jard\u00edn de Reyes: avenida Jorge\nCafrune 1845, de 8 a 13 horas.<\/p>\n\n\n\n<p>CPV B\u00ba Chijra: Llamas esq. Manantiales en los siguientes\nhorarios: de 8 a 13 y de 14 a 20 horas<\/p>\n\n\n\n<p>Edificio de Rentas Municipal: avenida Hip\u00f3lito Yrigoyen Nro.\n1312 casi esq. Junin en los horarios de 8 a 13 y de 14 a 20 horas.\n\nY en el Concejo Deliberante del B\u00ba Huaico en avenida\nBolivia 2571, de 8 a 13 y de 14 a 20 horas.\n\n\n\n<\/p>\n","protected":false},"excerpt":{"rendered":"<p>Se dio a conocer la fecha de inscripci\u00f3n para los niveles secundario, terciario y universitario. Mientras que los alumnos del nivel inicial y primario registrar\u00e1n la misma modalidad del a\u00f1o pasado, con el pase libre siempre, usando el uniforme o equipo de educaci\u00f3n f\u00edsica identificatorio del establecimiento educativo. Al respecto, Cecilia Rivero, Encargada del B.E.G.U., [&hellip;]<\/p>\n","protected":false},"author":5,"featured_media":229385,"comment_status":"open","ping_status":"open","sticky":false,"template":"","format":"standard","meta":{"_stopmodifiedupdate":false,"_modified_date":"","inline_featured_image":false,"spay_email":"","jetpack_publicize_message":""},"categories":[490],"tags":[],"jetpack_featured_media_url":"https:\/\/notinor.com\/jujuy\/wp-content\/uploads\/2020\/02\/foto-achicada.jpg","jetpack_publicize_connections":[],"_links":{"self":[{"href":"https:\/\/notinor.com\/jujuy\/wp-json\/wp\/v2\/posts\/229384"}],"collection":[{"href":"https:\/\/notinor.com\/jujuy\/wp-json\/wp\/v2\/posts"}],"about":[{"href":"https:\/\/notinor.com\/jujuy\/wp-json\/wp\/v2\/types\/post"}],"author":[{"embeddable":true,"href":"https:\/\/notinor.com\/jujuy\/wp-json\/wp\/v2\/users\/5"}],"replies":[{"embeddable":true,"href":"https:\/\/notinor.com\/jujuy\/wp-json\/wp\/v2\/comments?post=229384"}],"version-history":[{"count":1,"href":"https:\/\/notinor.com\/jujuy\/wp-json\/wp\/v2\/posts\/229384\/revisions"}],"predecessor-version":[{"id":229386,"href":"https:\/\/notinor.com\/jujuy\/wp-json\/wp\/v2\/posts\/229384\/revisions\/229386"}],"wp:featuredmedia":[{"embeddable":true,"href":"https:\/\/notinor.com\/jujuy\/wp-json\/wp\/v2\/media\/229385"}],"wp:attachment":[{"href":"https:\/\/notinor.com\/jujuy\/wp-json\/wp\/v2\/media?parent=229384"}],"wp:term":[{"taxonomy":"category","embeddable":true,"href":"https:\/\/notinor.com\/jujuy\/wp-json\/wp\/v2\/categories?post=229384"},{"taxonomy":"post_tag","embeddable":true,"href":"https:\/\/notinor.com\/jujuy\/wp-json\/wp\/v2\/tags?post=229384"}],"curies":[{"name":"wp","href":"https:\/\/api.w.org\/{rel}","templated":true}]}}