{"id":229374,"date":"2020-02-11T15:33:50","date_gmt":"2020-02-11T18:33:50","guid":{"rendered":"http:\/\/notinor.com\/jujuy\/?p=229374"},"modified":"2020-02-11T15:42:01","modified_gmt":"2020-02-11T18:42:01","slug":"para-el-fiscal-el-termino-caduco-que-aparece-en-el-chat-del-grupo-demuestra-un-final-que-se-acordo-previamente","status":"publish","type":"post","link":"https:\/\/notinor.com\/jujuy\/para-el-fiscal-el-termino-caduco-que-aparece-en-el-chat-del-grupo-demuestra-un-final-que-se-acordo-previamente\/","title":{"rendered":"Para el fiscal, el t\u00e9rmino \u201ccaduc\u00f3\u201d que aparece en el chat del grupo \u201cdemuestra un final que se acord\u00f3 previamente\u201d"},"content":{"rendered":"\n<figure class=\"wp-block-image\"><img decoding=\"async\" loading=\"lazy\" width=\"750\" height=\"422\" src=\"http:\/\/notinor.com\/jujuy\/wp-content\/uploads\/2020\/02\/codo-1.jpg\" alt=\"\" class=\"wp-image-229376\" srcset=\"https:\/\/notinor.com\/jujuy\/wp-content\/uploads\/2020\/02\/codo-1.jpg 750w, https:\/\/notinor.com\/jujuy\/wp-content\/uploads\/2020\/02\/codo-1-500x280.jpg 500w, https:\/\/notinor.com\/jujuy\/wp-content\/uploads\/2020\/02\/codo-1-649x365.jpg 649w\" sizes=\"(max-width: 750px) 100vw, 750px\" \/><\/figure>\n\n\n\n<p class=\"has-background has-vivid-cyan-blue-background-color\"><strong>Este lunes, la fiscal Ver\u00f3nica Zamboni present\u00f3 al juez de garant\u00edas David Mancinelli el pedido de prisi\u00f3n preventiva para ocho de los acusados por el crimen de Fernando B\u00e1ez Sosa, hoy detenidos en el penal de Dolores por el delito de homicidio agravado por concurso premeditado de dos o m\u00e1s personas y requiri\u00f3 que otros dos de ellos sean liberados. Se trata de Alejo Milanesi, de 20 a\u00f1os, y Juan Pedro Guarino, de 19, que recuperaron la libertad ayer por la tarde.<\/strong><\/p>\n\n\n\n<p>El fiscal general de Dolores, Diego Escoda, aclar\u00f3 esta\nma\u00f1ana que a pesar de haber vuelto a sus casas, tanto Guarino como Milanesi\n\u201cquedan todav\u00eda sometidos al proceso, solo que desde la libertad\u201d. \u201cQuedan con\nrestricciones, con obligaci\u00f3n de comparecer ante cualquier llamado que haga la\nfiscal\u00eda\u201d, explic\u00f3 en di\u00e1logo con Radio La Red.<\/p>\n\n\n\n<p>\u201cHasta el momento de la prueba reunida no se los puede\nse\u00f1alar a estas dos personas como participantes de la escena del crimen\u201d,\nexplic\u00f3 Escoda, en consonancia con lo que argument\u00f3 la fiscal Zamboni en el\nescrito de 250 p\u00e1ginas al que accedi\u00f3 Infobae. \u201cNo fueron reconocidos por los\ntestigos, no hay material f\u00edlmico que los involucre directamente y no hay otros\nelementos para sostener que hayan tenido un grado de participaci\u00f3n tal que\namerite que contin\u00faen detenidos\u201d.<\/p>\n\n\n\n<p>En su requerimiento al juzgado de Garant\u00edas, la fiscal\nrefiere en un momento -a partir de un mensaje que envi\u00f3 Ciro Pertossi pasadas\nlas 6 de la ma\u00f1ana en el que dice: \u201cChicos, no se cuenta nada de esto a nadie\u201d-\na un posible pacto de silencio entre los acusados de asesinar a golpes a\nFernando que se sostiene hasta hoy. Consultado al respecto, Escoda aclar\u00f3 que,\nsin embargo, \u201cnegarse a prestar declaraci\u00f3n es un derecho constitucional\u201d y que\nesto \u201cno puede valorarse o tomarse en su contra\u201d.<\/p>\n\n\n\n<p>Otro de los ejes que fue puesto a debate es en torno a la\ncalificaci\u00f3n penal que le cabr\u00eda a los acusados y la correspondiente pena de\nacuerdo a sus roles en el crimen: \u201cEs un homicidio agravado, tiene una pena de\nprisi\u00f3n perpetua y en el caso de eliminar el agravante ser\u00eda un homicidio\nsimple que tiene una pena de 8 a 25 a\u00f1os. Hubo un acuerdo previo y una decisi\u00f3n\nde ir en conjunto para dar muerte a otra\u201d. Para el funcionario judicial, la\nfrase \u201ccaduc\u00f3\u201d que utiliz\u00f3 Lucas Pertossi en el chat con el resto del grupo \u201ces\ndemostrativa de un final que se acord\u00f3 previamente\u201d.<\/p>\n\n\n\n<p>Por el momento, explic\u00f3 el fiscal, \u201cla imputaci\u00f3n es la\nmisma que motiv\u00f3 la detenci\u00f3n, m\u00e1s all\u00e1 de que esto pueda llegar a tener una\nvariaci\u00f3n en el futuro\u201d.<\/p>\n\n\n\n<p>El requerimiento de prisi\u00f3n preventiva se realiz\u00f3 hasta el\nmomento a dos de los rugbiers en calidad de coautores -M\u00e1ximo Thomsen y Ciro\nPertossi- y al resto como part\u00edcipes necesarios. \u201cPodr\u00eda llegar a modificarse\nel grado de participaci\u00f3n criminal pero igualmente la pena es la misma para los\npart\u00edcipes que para los coautores\u201d, se\u00f1al\u00f3 Escoda.<\/p>\n\n\n\n<p>Sobre los plazos que siguen a la investigaci\u00f3n, el fiscal\nmanifest\u00f3: \u201cVamos a hacer todo lo posible para que el juicio pueda ser este\na\u00f1o\u201d. \u201cEl c\u00f3digo prev\u00e9 4 meses prorrogables. Me aventurar\u00eda a decir que no va a\ntardar mucho m\u00e1s para que se formule la requisitoria de elevaci\u00f3n a juicio. Yo\nestimo que para el mes de abril una vez completadas las pericias que faltan, se\nestar\u00eda en condiciones de formular ese pedido para ir a un juicio oral\u201d.<\/p>\n\n\n\n<p>Fuente Infobae<\/p>\n","protected":false},"excerpt":{"rendered":"<p>Este lunes, la fiscal Ver\u00f3nica Zamboni present\u00f3 al juez de garant\u00edas David Mancinelli el pedido de prisi\u00f3n preventiva para ocho de los acusados por el crimen de Fernando B\u00e1ez Sosa, hoy detenidos en el penal de Dolores por el delito de homicidio agravado por concurso premeditado de dos o m\u00e1s personas y requiri\u00f3 que otros [&hellip;]<\/p>\n","protected":false},"author":5,"featured_media":229375,"comment_status":"open","ping_status":"open","sticky":false,"template":"","format":"standard","meta":{"_stopmodifiedupdate":false,"_modified_date":"","inline_featured_image":false,"spay_email":"","jetpack_publicize_message":""},"categories":[3],"tags":[],"jetpack_featured_media_url":"https:\/\/notinor.com\/jujuy\/wp-content\/uploads\/2020\/02\/codo.jpg","jetpack_publicize_connections":[],"_links":{"self":[{"href":"https:\/\/notinor.com\/jujuy\/wp-json\/wp\/v2\/posts\/229374"}],"collection":[{"href":"https:\/\/notinor.com\/jujuy\/wp-json\/wp\/v2\/posts"}],"about":[{"href":"https:\/\/notinor.com\/jujuy\/wp-json\/wp\/v2\/types\/post"}],"author":[{"embeddable":true,"href":"https:\/\/notinor.com\/jujuy\/wp-json\/wp\/v2\/users\/5"}],"replies":[{"embeddable":true,"href":"https:\/\/notinor.com\/jujuy\/wp-json\/wp\/v2\/comments?post=229374"}],"version-history":[{"count":2,"href":"https:\/\/notinor.com\/jujuy\/wp-json\/wp\/v2\/posts\/229374\/revisions"}],"predecessor-version":[{"id":229378,"href":"https:\/\/notinor.com\/jujuy\/wp-json\/wp\/v2\/posts\/229374\/revisions\/229378"}],"wp:featuredmedia":[{"embeddable":true,"href":"https:\/\/notinor.com\/jujuy\/wp-json\/wp\/v2\/media\/229375"}],"wp:attachment":[{"href":"https:\/\/notinor.com\/jujuy\/wp-json\/wp\/v2\/media?parent=229374"}],"wp:term":[{"taxonomy":"category","embeddable":true,"href":"https:\/\/notinor.com\/jujuy\/wp-json\/wp\/v2\/categories?post=229374"},{"taxonomy":"post_tag","embeddable":true,"href":"https:\/\/notinor.com\/jujuy\/wp-json\/wp\/v2\/tags?post=229374"}],"curies":[{"name":"wp","href":"https:\/\/api.w.org\/{rel}","templated":true}]}}