{"id":229360,"date":"2020-02-11T14:42:04","date_gmt":"2020-02-11T17:42:04","guid":{"rendered":"http:\/\/notinor.com\/jujuy\/?p=229360"},"modified":"2020-02-11T14:42:09","modified_gmt":"2020-02-11T17:42:09","slug":"permanente-trabajo-del-gobierno-en-las-emergencias-climaticas","status":"publish","type":"post","link":"https:\/\/notinor.com\/jujuy\/permanente-trabajo-del-gobierno-en-las-emergencias-climaticas\/","title":{"rendered":"Permanente trabajo del Gobierno en las emergencias clim\u00e1ticas"},"content":{"rendered":"\n<figure class=\"wp-block-image\"><img decoding=\"async\" loading=\"lazy\" width=\"662\" height=\"480\" src=\"http:\/\/notinor.com\/jujuy\/wp-content\/uploads\/2020\/02\/Relevamiento-a-una-familia-de-barrio-Los-Soles--662x480.jpg\" alt=\"\" class=\"wp-image-229362\" srcset=\"https:\/\/notinor.com\/jujuy\/wp-content\/uploads\/2020\/02\/Relevamiento-a-una-familia-de-barrio-Los-Soles--662x480.jpg 662w, https:\/\/notinor.com\/jujuy\/wp-content\/uploads\/2020\/02\/Relevamiento-a-una-familia-de-barrio-Los-Soles--503x365.jpg 503w, https:\/\/notinor.com\/jujuy\/wp-content\/uploads\/2020\/02\/Relevamiento-a-una-familia-de-barrio-Los-Soles-.jpg 750w\" sizes=\"(max-width: 662px) 100vw, 662px\" \/><\/figure>\n\n\n\n<p class=\"has-background has-vivid-cyan-blue-background-color\"><strong>Debido a las fuertes tormentas que se registraron el d\u00eda de ayer, autoridades y el equipo t\u00e9cnico de la Secretar\u00eda de Asistencia Directa y Calidad de Vida del Ministerio de Desarrollo Humano, recorrieron barrios de San Salvador de Jujuy, Monterrico y El Carmen, para realizar el relevamiento de familias afectadas por el ingreso agua a sus viviendas.<\/strong><\/p>\n\n\n\n<p>Al respecto, la directora de Asistencia Directa y Calidad de\nVida, Marta Russo, expres\u00f3: \u201cEstuvimos monitoreando los lugares inundados, en\nCapital recorrimos barrio Cerro Las Rosas, donde dos familias se autoevacuaron\npor su seguridad f\u00edsica en casas de vecinos. En uno de los domicilios una ni\u00f1a\nfue asistida por personal del SAME y luego, trasladada al Hospital Infantil\nH\u00e9ctor Quintana, teniendo en cuenta que se cay\u00f3 una pared construida en forma\nprecaria\u201d.<\/p>\n\n\n\n<p>La funcionaria indic\u00f3 que de acuerdo a lo previsto por la\nministra Natalia Sarapura, se actu\u00f3 en forma inmediata; en San Salvador de\nJujuy, Monterrico y El Carmen, se realiz\u00f3 un trabajo articulado con personal de\nlas dependencias municipales, donde se brind\u00f3 acompa\u00f1amiento desde un primer\nmomento a las familias damnificadas.<\/p>\n\n\n\n<p>&nbsp;\u201cAyer cuando nos\nenteramos del fuerte temporal nos trasladamos a los lugares afectados, donde el\nequipo t\u00e9cnico de Trabajadores\/as Sociales de esta dependencia trabaj\u00f3 en forma\ncoordinada con personal de los municipios de Monterrico y El Carmen, como as\u00ed tambi\u00e9n\nDefensa Civil, Polic\u00eda, Bomberos, SAME, siguiendo los protocolos de emergencias\nclim\u00e1ticas, para relevar a las personas damnificadas e interiorizarse sobre\ncada situaci\u00f3n particular\u201d, manifest\u00f3 Russo.<\/p>\n\n\n\n<p>Por su parte, el coordinador de Emergencias de la cartera\nprovincial, Alejandro Cooke, se\u00f1al\u00f3: \u201cHoy continuamos recorriendo las zonas\nafectadas en El Carmen, donde una familia de barrio Los Soles sufri\u00f3 el da\u00f1o de\nsus bienes, causados por la lluvia. En Monterrico, estuvimos en barrio 25 de\nMayo, donde dos familias fueron relevadas por Trabajadores\/as Sociales de esta\nSecretar\u00eda, con el fin de conocer los da\u00f1os materiales\u201d.<\/p>\n\n\n\n<p>Cooke, coment\u00f3 que en las 150 Hect\u00e1reas (Remanente) del\nbarrio Alto Comedero, continuaron las tareas de relevamiento a las familias en\nsituaci\u00f3n de vulnerabilidad social, donde una de ellas se vio perjudicada por\nla construcci\u00f3n precaria de la casa.<\/p>\n\n\n\n<p>Finalmente, desde la Secretar\u00eda se indic\u00f3 que cuando se\nconfeccionen los informes socioambientales por parte de las y los profesionales\nen Trabajo Social, se concretar\u00e1 la asistencia correspondiente a las familias.\nAdem\u00e1s, se articula con otros ministerios y organismos del Estado Provincial\npara realizar un abordaje integral.<\/p>\n","protected":false},"excerpt":{"rendered":"<p>Debido a las fuertes tormentas que se registraron el d\u00eda de ayer, autoridades y el equipo t\u00e9cnico de la Secretar\u00eda de Asistencia Directa y Calidad de Vida del Ministerio de Desarrollo Humano, recorrieron barrios de San Salvador de Jujuy, Monterrico y El Carmen, para realizar el relevamiento de familias afectadas por el ingreso agua a [&hellip;]<\/p>\n","protected":false},"author":5,"featured_media":229361,"comment_status":"open","ping_status":"open","sticky":false,"template":"","format":"standard","meta":{"_stopmodifiedupdate":false,"_modified_date":"","inline_featured_image":false,"spay_email":"","jetpack_publicize_message":""},"categories":[13],"tags":[],"jetpack_featured_media_url":"https:\/\/notinor.com\/jujuy\/wp-content\/uploads\/2020\/02\/Relevamiento-a-una-familia-.jpg","jetpack_publicize_connections":[],"_links":{"self":[{"href":"https:\/\/notinor.com\/jujuy\/wp-json\/wp\/v2\/posts\/229360"}],"collection":[{"href":"https:\/\/notinor.com\/jujuy\/wp-json\/wp\/v2\/posts"}],"about":[{"href":"https:\/\/notinor.com\/jujuy\/wp-json\/wp\/v2\/types\/post"}],"author":[{"embeddable":true,"href":"https:\/\/notinor.com\/jujuy\/wp-json\/wp\/v2\/users\/5"}],"replies":[{"embeddable":true,"href":"https:\/\/notinor.com\/jujuy\/wp-json\/wp\/v2\/comments?post=229360"}],"version-history":[{"count":1,"href":"https:\/\/notinor.com\/jujuy\/wp-json\/wp\/v2\/posts\/229360\/revisions"}],"predecessor-version":[{"id":229363,"href":"https:\/\/notinor.com\/jujuy\/wp-json\/wp\/v2\/posts\/229360\/revisions\/229363"}],"wp:featuredmedia":[{"embeddable":true,"href":"https:\/\/notinor.com\/jujuy\/wp-json\/wp\/v2\/media\/229361"}],"wp:attachment":[{"href":"https:\/\/notinor.com\/jujuy\/wp-json\/wp\/v2\/media?parent=229360"}],"wp:term":[{"taxonomy":"category","embeddable":true,"href":"https:\/\/notinor.com\/jujuy\/wp-json\/wp\/v2\/categories?post=229360"},{"taxonomy":"post_tag","embeddable":true,"href":"https:\/\/notinor.com\/jujuy\/wp-json\/wp\/v2\/tags?post=229360"}],"curies":[{"name":"wp","href":"https:\/\/api.w.org\/{rel}","templated":true}]}}