{"id":229356,"date":"2020-02-11T14:37:03","date_gmt":"2020-02-11T17:37:03","guid":{"rendered":"http:\/\/notinor.com\/jujuy\/?p=229356"},"modified":"2020-02-11T14:37:09","modified_gmt":"2020-02-11T17:37:09","slug":"el-personal-de-los-cdi-municipales-se-capacita","status":"publish","type":"post","link":"https:\/\/notinor.com\/jujuy\/el-personal-de-los-cdi-municipales-se-capacita\/","title":{"rendered":"El personal de los CDI municipales se capacita"},"content":{"rendered":"\n<figure class=\"wp-block-image\"><img decoding=\"async\" loading=\"lazy\" width=\"787\" height=\"472\" src=\"http:\/\/notinor.com\/jujuy\/wp-content\/uploads\/2020\/02\/SELEC-3.jpg\" alt=\"\" class=\"wp-image-229357\" srcset=\"https:\/\/notinor.com\/jujuy\/wp-content\/uploads\/2020\/02\/SELEC-3.jpg 787w, https:\/\/notinor.com\/jujuy\/wp-content\/uploads\/2020\/02\/SELEC-3-609x365.jpg 609w, https:\/\/notinor.com\/jujuy\/wp-content\/uploads\/2020\/02\/SELEC-3-768x461.jpg 768w\" sizes=\"(max-width: 787px) 100vw, 787px\" \/><\/figure>\n\n\n\n<p class=\"has-background has-vivid-cyan-blue-background-color\"><strong>Previo al inicio del ciclo lectivo, la secretar\u00eda de Desarrollo Humano, a trav\u00e9s de la coordinaci\u00f3n gral. de los Centros de Desarrollo Infantil, lleva a cabo las 3eras Jornadas Interinstitucionales destinadas al personal perteneciente a las instituciones municipales. Las actividades se extender\u00e1n hasta el viernes 14 de febrero.<\/strong><\/p>\n\n\n\n<p>En el Cine Teatro Municipal Select, personal de los ocho\nCentros de Desarrollo Humano, de la Municipalidad de San Salvador de Jujuy,\nrecibe una capacitaci\u00f3n para reforzar herramientas y fortalecer las Pol\u00edticas\nP\u00fablicas de Primera Infancia.<\/p>\n\n\n\n<p>En este contexto, Daniela Amerise, sub secretaria de\nDesarrollo Humano, destac\u00f3 el crecimiento que han tenido los CDI gracias a\nestas Jornadas que se realizan por tercer a\u00f1o consecutivo.<\/p>\n\n\n\n<p>\u201cEs destacable, para nosotros desde la secretar\u00eda, capacitar\na nuestros equipos para abordar distintas tem\u00e1ticas. Hoy puntualmente estamos\nenfocando al recurso humano; fortalecer, empoderar y dar herramientas que\npuedan dar respuestas, precisamente porque son los que est\u00e1n d\u00eda a d\u00eda, cara a\ncara, con las familias que forman parte de los CDI\u201d, destac\u00f3.<\/p>\n\n\n\n<p>Por su parte, Miriam Garz\u00f3n, coordinadora gral de los CDI,\nreconoci\u00f3 la importancia de propiciar este espacio de encuentro, capacitaci\u00f3n,\nactualizaci\u00f3n y reflexi\u00f3n.<\/p>\n\n\n\n<p>Durante los cinco d\u00edas de jornada, se abordaran temas como\nPol\u00edticas P\u00fablicas para la Primera Infancia, Responsabilidad Civil y Protocolo\nde accidentes en contextos educativos; Salud nutricional, peso y talla;\nFonoaudiolog\u00eda; Salud bucal; Educaci\u00f3n emocional y Neuro desarrollo.<\/p>\n","protected":false},"excerpt":{"rendered":"<p>Previo al inicio del ciclo lectivo, la secretar\u00eda de Desarrollo Humano, a trav\u00e9s de la coordinaci\u00f3n gral. de los Centros de Desarrollo Infantil, lleva a cabo las 3eras Jornadas Interinstitucionales destinadas al personal perteneciente a las instituciones municipales. Las actividades se extender\u00e1n hasta el viernes 14 de febrero. En el Cine Teatro Municipal Select, personal [&hellip;]<\/p>\n","protected":false},"author":5,"featured_media":229358,"comment_status":"open","ping_status":"open","sticky":false,"template":"","format":"standard","meta":{"_stopmodifiedupdate":false,"_modified_date":"","inline_featured_image":false,"spay_email":"","jetpack_publicize_message":""},"categories":[490],"tags":[],"jetpack_featured_media_url":"https:\/\/notinor.com\/jujuy\/wp-content\/uploads\/2020\/02\/SELEC-1-1.jpg","jetpack_publicize_connections":[],"_links":{"self":[{"href":"https:\/\/notinor.com\/jujuy\/wp-json\/wp\/v2\/posts\/229356"}],"collection":[{"href":"https:\/\/notinor.com\/jujuy\/wp-json\/wp\/v2\/posts"}],"about":[{"href":"https:\/\/notinor.com\/jujuy\/wp-json\/wp\/v2\/types\/post"}],"author":[{"embeddable":true,"href":"https:\/\/notinor.com\/jujuy\/wp-json\/wp\/v2\/users\/5"}],"replies":[{"embeddable":true,"href":"https:\/\/notinor.com\/jujuy\/wp-json\/wp\/v2\/comments?post=229356"}],"version-history":[{"count":1,"href":"https:\/\/notinor.com\/jujuy\/wp-json\/wp\/v2\/posts\/229356\/revisions"}],"predecessor-version":[{"id":229359,"href":"https:\/\/notinor.com\/jujuy\/wp-json\/wp\/v2\/posts\/229356\/revisions\/229359"}],"wp:featuredmedia":[{"embeddable":true,"href":"https:\/\/notinor.com\/jujuy\/wp-json\/wp\/v2\/media\/229358"}],"wp:attachment":[{"href":"https:\/\/notinor.com\/jujuy\/wp-json\/wp\/v2\/media?parent=229356"}],"wp:term":[{"taxonomy":"category","embeddable":true,"href":"https:\/\/notinor.com\/jujuy\/wp-json\/wp\/v2\/categories?post=229356"},{"taxonomy":"post_tag","embeddable":true,"href":"https:\/\/notinor.com\/jujuy\/wp-json\/wp\/v2\/tags?post=229356"}],"curies":[{"name":"wp","href":"https:\/\/api.w.org\/{rel}","templated":true}]}}