{"id":229341,"date":"2020-02-09T13:46:32","date_gmt":"2020-02-09T16:46:32","guid":{"rendered":"http:\/\/notinor.com\/jujuy\/?p=229341"},"modified":"2020-02-11T14:06:58","modified_gmt":"2020-02-11T17:06:58","slug":"gran-cierre-de-las-olimpiadas-veraniegas-con-entrega-de-trofeos-y-medallas","status":"publish","type":"post","link":"https:\/\/notinor.com\/jujuy\/gran-cierre-de-las-olimpiadas-veraniegas-con-entrega-de-trofeos-y-medallas\/","title":{"rendered":"Gran cierre de las olimpiadas veraniegas con entrega de trofeos y medallas"},"content":{"rendered":"\n<figure class=\"wp-block-image\"><img decoding=\"async\" loading=\"lazy\" width=\"700\" height=\"466\" src=\"http:\/\/notinor.com\/jujuy\/wp-content\/uploads\/2020\/02\/olimpiada-1.jpg\" alt=\"\" class=\"wp-image-229345\" srcset=\"https:\/\/notinor.com\/jujuy\/wp-content\/uploads\/2020\/02\/olimpiada-1.jpg 700w, https:\/\/notinor.com\/jujuy\/wp-content\/uploads\/2020\/02\/olimpiada-1-548x365.jpg 548w, https:\/\/notinor.com\/jujuy\/wp-content\/uploads\/2020\/02\/olimpiada-1-400x266.jpg 400w\" sizes=\"(max-width: 700px) 100vw, 700px\" \/><\/figure>\n\n\n\n<p class=\"has-background has-vivid-cyan-blue-background-color\"><strong>En una tarde de gran expectativa y emoci\u00f3n&nbsp; se llev\u00f3 a cabo el cierre de las actividades deportivas veraniegas en el barrio Belgrano, entregando trofeos y medallas a los ganadores de cada disciplina, contando en su&nbsp; tercera edici\u00f3n con la presencia de&nbsp; m\u00e1s de 17 equipos.<\/strong><\/p>\n\n\n\n<p>Desde la Municipalidad de la Capital se pondera las\nactividades deportivas que&nbsp; son el centro\ndel encuentro de las familias en los distintos barrios de la ciudad, es por\nello que la llegada del verano convoca a las cl\u00e1sicas olimpiadas barriales,\nmultitudinarias y que en la mayor\u00eda de los casos contemplan una diversidad de\ndisciplinas desde f\u00fatbol, sapo juego de cartas, cinchada, y el cl\u00e1sico sketch,\nque culmina uniendo a los equipos bajo una misma intenci\u00f3n la diversi\u00f3n sobre\nel premio.<\/p>\n\n\n\n<p>Al respecto, Daniel Ruiz, director de Descentralizaci\u00f3n, y\nhaciendo alusi\u00f3n al esp\u00edritu de la competencia sana&nbsp; que es el deporte, mencion\u00f3, \u201cel\nacompa\u00f1amiento es permanente y continuo trabajamos desde las direcci\u00f3n apoyando\ny brindando a cada C.P.V. los materiales y el equipo necesario para que se\nefectivicen sus proyectos, como es el caso de las olimpiadas veraniegas que\nre\u00fanen a la familia para fortalecer los lazos y valores\u201d.<\/p>\n\n\n\n<p>&nbsp;La&nbsp; actividades estuvieron&nbsp; bajo la conducci\u00f3n del encargado del\nC.P.V&nbsp; del barrio Belgrano, Fabio Garnica\nquien destac\u00f3 la integraci\u00f3n de los vecinos, ya&nbsp;\nque cada a\u00f1o crece el n\u00famero de&nbsp;\nparticipantes y ponder\u00f3 el compromiso y el respeto asumido por&nbsp; cada equipo&nbsp;\npara que estas olimpiadas se desenvuelvan bajo un marco de uni\u00f3n y paz,\n\u201ces un esfuerzo enorme pero nos gratifica y nos impulsa a seguir trabajando\nen&nbsp; esta edici\u00f3n sumamos equipos de\nf\u00fatbol femenino,&nbsp; la familia se re\u00fane ,\ndisfruta y vive tardes de diversi\u00f3n\u201d.<\/p>\n","protected":false},"excerpt":{"rendered":"<p>En una tarde de gran expectativa y emoci\u00f3n&nbsp; se llev\u00f3 a cabo el cierre de las actividades deportivas veraniegas en el barrio Belgrano, entregando trofeos y medallas a los ganadores de cada disciplina, contando en su&nbsp; tercera edici\u00f3n con la presencia de&nbsp; m\u00e1s de 17 equipos. Desde la Municipalidad de la Capital se pondera las [&hellip;]<\/p>\n","protected":false},"author":5,"featured_media":229345,"comment_status":"open","ping_status":"open","sticky":false,"template":"","format":"standard","meta":{"_stopmodifiedupdate":false,"_modified_date":"","inline_featured_image":false,"spay_email":"","jetpack_publicize_message":""},"categories":[490],"tags":[],"jetpack_featured_media_url":"https:\/\/notinor.com\/jujuy\/wp-content\/uploads\/2020\/02\/olimpiada-1.jpg","jetpack_publicize_connections":[],"_links":{"self":[{"href":"https:\/\/notinor.com\/jujuy\/wp-json\/wp\/v2\/posts\/229341"}],"collection":[{"href":"https:\/\/notinor.com\/jujuy\/wp-json\/wp\/v2\/posts"}],"about":[{"href":"https:\/\/notinor.com\/jujuy\/wp-json\/wp\/v2\/types\/post"}],"author":[{"embeddable":true,"href":"https:\/\/notinor.com\/jujuy\/wp-json\/wp\/v2\/users\/5"}],"replies":[{"embeddable":true,"href":"https:\/\/notinor.com\/jujuy\/wp-json\/wp\/v2\/comments?post=229341"}],"version-history":[{"count":2,"href":"https:\/\/notinor.com\/jujuy\/wp-json\/wp\/v2\/posts\/229341\/revisions"}],"predecessor-version":[{"id":229346,"href":"https:\/\/notinor.com\/jujuy\/wp-json\/wp\/v2\/posts\/229341\/revisions\/229346"}],"wp:featuredmedia":[{"embeddable":true,"href":"https:\/\/notinor.com\/jujuy\/wp-json\/wp\/v2\/media\/229345"}],"wp:attachment":[{"href":"https:\/\/notinor.com\/jujuy\/wp-json\/wp\/v2\/media?parent=229341"}],"wp:term":[{"taxonomy":"category","embeddable":true,"href":"https:\/\/notinor.com\/jujuy\/wp-json\/wp\/v2\/categories?post=229341"},{"taxonomy":"post_tag","embeddable":true,"href":"https:\/\/notinor.com\/jujuy\/wp-json\/wp\/v2\/tags?post=229341"}],"curies":[{"name":"wp","href":"https:\/\/api.w.org\/{rel}","templated":true}]}}