{"id":229336,"date":"2020-02-11T13:46:02","date_gmt":"2020-02-11T16:46:02","guid":{"rendered":"http:\/\/notinor.com\/jujuy\/?p=229336"},"modified":"2020-02-11T13:46:07","modified_gmt":"2020-02-11T16:46:07","slug":"prohibio-la-comercializacion-de-reconocidas-galletitas-y-otros-productos","status":"publish","type":"post","link":"https:\/\/notinor.com\/jujuy\/prohibio-la-comercializacion-de-reconocidas-galletitas-y-otros-productos\/","title":{"rendered":"Prohibi\u00f3 la comercializaci\u00f3n de reconocidas galletitas y otros productos"},"content":{"rendered":"\n<figure class=\"wp-block-image\"><img decoding=\"async\" loading=\"lazy\" width=\"708\" height=\"480\" src=\"http:\/\/notinor.com\/jujuy\/wp-content\/uploads\/2020\/02\/galletas-prohibidas-1-708x480.jpg\" alt=\"\" class=\"wp-image-229338\" srcset=\"https:\/\/notinor.com\/jujuy\/wp-content\/uploads\/2020\/02\/galletas-prohibidas-1-708x480.jpg 708w, https:\/\/notinor.com\/jujuy\/wp-content\/uploads\/2020\/02\/galletas-prohibidas-1-538x365.jpg 538w, https:\/\/notinor.com\/jujuy\/wp-content\/uploads\/2020\/02\/galletas-prohibidas-1.jpg 724w\" sizes=\"(max-width: 708px) 100vw, 708px\" \/><\/figure>\n\n\n\n<p class=\"has-background has-vivid-cyan-blue-background-color\"><strong>El organismo estatal tambi\u00e9n quit\u00f3 moment\u00e1neamente del mercado una marca de escabeche de jabal\u00ed, de harina de ma\u00edz y elementos m\u00e9dicos.<\/strong><\/p>\n\n\n\n<p>La Administraci\u00f3n Nacional de Medicamentos, Alimentos y\nTecnolog\u00eda M\u00e9dica ( ANMAT) orden\u00f3 retirar del mercado m\u00e1s lotes de unas\ngalletitas de marca Frutigran, por no incluir en su etiqueta la frase de\nadvertencia \u201cpuede contener leche\u201d.<\/p>\n\n\n\n<p>A principios de febrero, el organismo de control ya hab\u00eda\nprohibido la venta de otras partidas de este producto por las mismas razones.\nLa nueva decisi\u00f3n se anunci\u00f3 a trav\u00e9s de la Disposici\u00f3n 627\/2020 publicada en\nel Bolet\u00edn Oficial.<\/p>\n\n\n\n<p>Se trata de las galletitas semilladas con avena, ch\u00eda y lino\n(sin colesterol), marca Frutrigran. La medida alcanza a todos los paquetes de\neste producto que tengan fecha de elaboraci\u00f3n anterior al 12 de enero de 2020,\ny que no consignen en su r\u00f3tulo la mencionada declaraci\u00f3n de al\u00e9rgenos.<\/p>\n\n\n\n<p>Sucede que, luego de ser advertida sobre esta situaci\u00f3n,\nGranix, la firma que fabrica este alimento, anunci\u00f3 que a partir de ese d\u00eda iba\na comenzar a envasar las galletitas en nuevos paquetes que s\u00ed incluyan la frase\nde advertencia.<\/p>\n\n\n\n<p>&nbsp;\u201cSe informa a la\npoblaci\u00f3n susceptible a reacciones al\u00e9rgicas a la prote\u00edna de la leche que la\nempresa Asociaci\u00f3n Argentina de los Adventistas del 7\u00b0 d\u00eda se encuentra\nrealizando el retiro del mercado de ciertos lotes del siguiente producto. Esta\nmedida se decide a partir de la investigaci\u00f3n y acciones de fiscalizaci\u00f3n y\ngesti\u00f3n de riesgo realizadas por la Direcci\u00f3n de Industrias y Productos\nAlimenticios (DIPA) del Ministerio de Desarrollo Agrario (MDA) de provincia de\nBuenos Aires sobre dicho producto a partir de una denuncia recibida por INAL-\nANMAT\u201d, inform\u00f3 la compa\u00f1\u00eda en un comunicado emitido a comienzos de este mes.<\/p>\n\n\n\n<p>Adem\u00e1s, el organismo se\u00f1al\u00f3 que la prohibici\u00f3n solo afecta a\nlas galletitas semilladas con avena, ch\u00eda y lino porque las otras variantes\ntambi\u00e9n elaboradas en la misma l\u00ednea de producci\u00f3n s\u00ed tienen r\u00f3tulos que\naclaran que el alimento en cuesti\u00f3n podr\u00eda contener leche.<\/p>\n\n\n\n<p>Por otra parte, la ANMAT tambi\u00e9n prohibi\u00f3 el uso, la\ncomercializaci\u00f3n y la distribuci\u00f3n en todo el territorio nacional de todos los\nproductos elaborados por el establecimiento \u201cFatto in casa\", ubicado en la\nprovincia de C\u00f3rdoba, ya que un escabeche de jabal\u00ed que es elaborado en este\nlugar le habr\u00eda provocado botulismo a varios consumidores.<\/p>\n\n\n\n<p>Seg\u00fan una investigaci\u00f3n que se inici\u00f3 en la ciudad de San\nMarcos Sierras, una lata de este alimento, que conten\u00eda 400 gramos y venc\u00eda el\n01 julio de 2020, habr\u00eda ocasionado el brote de esta enfermedad en dos\npersonas.<\/p>\n\n\n\n<p>Como consecuencia de esta situaci\u00f3n, la Direcci\u00f3n General de\nControl de la Industria Alimenticia de la Provincia de C\u00f3rdoba y la Direcci\u00f3n de\nBromatolog\u00eda del Municipio de Monte Ma\u00edz realizaron una inspecci\u00f3n en el lugar\ndonde es producido este escabeche.<\/p>\n\n\n\n<p>\u201cComo resultado de la mentada inspecci\u00f3n y teniendo en\nconsideraci\u00f3n los hallazgos durante el procedimiento, las autoridades actuantes\nconcluyeron que las condiciones de elaboraci\u00f3n no permiten garantizar la\nseguridad del producto, por lo que se dispuso el cese de elaboraci\u00f3n y\ncomercializaci\u00f3n preventiva del establecimiento\u201d, explic\u00f3 la ANMAT en la\nDisposici\u00f3n 623\/2020 publicada en el Bolet\u00edn Oficial.<\/p>\n\n\n\n<p>Adem\u00e1s, la ANMAT tambi\u00e9n prohibi\u00f3 la venta de varios\nproductos m\u00e9dicos que la firma Aximport S.R.L. denunci\u00f3 que le fueron robados,\npor lo que el organismo le recomend\u00f3 a los usuarios no utilizarlos ya que se\ntrata de unidades extraviadas e individualizadas.<\/p>\n\n\n\n<p>En otras de las disposiciones publicadas este martes en el\nBolet\u00edn Oficial, tambi\u00e9n se orden\u00f3 retirar del mercado la \u201c Harina de Ma\u00edz\nBlanco precocida\u201d, marca: P.A.N., RNPA N\u00b0 052- 01-000232, RNE N\u00b0 00306053, ya\nque en el paquete figura que es libre de gluten, pese a que no cuenta con los\nrequisitos para ser considerada de tal forma.<\/p>\n\n\n\n<p>\u201cPor ello, el Departamento de Vigilancia Sanitaria y\nNutricional de los Alimento solicit\u00f3 al importador Yonghui SRL el retiro\npreventivo del mercado nacional del producto de acuerdo a lo normado en el\nart\u00edculo 18 tris del CAA.\u201d, inform\u00f3 la ANMAT.<\/p>\n\n\n\n<p>Por \u00faltimo, se quit\u00f3 del mercado el producto m\u00e9dico rotulado\ncomo \u201cBeutelrock \u2013 63 Art. CC-Cord \u2013 FILES K \u2013 FEILEN K \u2013 SIZE 45-80 \u2013 mm 21 \u2013\nLot 110P112684\u2033, hecho en Alemania por la empresa Vereignite Dentalwerke GmbH\n&amp; CoKG.<\/p>\n\n\n\n<p>La causa se inici\u00f3 a partir de una inspecci\u00f3n de la\nDirecci\u00f3n de Evaluaci\u00f3n y Gesti\u00f3n de Monitoreo de Productos para la Salud en la\nempresa Odonto Sur, ubicada en la ciudad de Neuqu\u00e9n, que distribuye este art\u00edculo,\ndel cual no pudo aportar la documentaci\u00f3n de compra requerida, debido a que el\nmismo fue adquirido hace varios a\u00f1os.<\/p>\n\n\n\n<figure class=\"wp-block-image\"><img decoding=\"async\" loading=\"lazy\" width=\"750\" height=\"369\" src=\"http:\/\/notinor.com\/jujuy\/wp-content\/uploads\/2020\/02\/escabeche.jpg\" alt=\"\" class=\"wp-image-229339\" srcset=\"https:\/\/notinor.com\/jujuy\/wp-content\/uploads\/2020\/02\/escabeche.jpg 750w, https:\/\/notinor.com\/jujuy\/wp-content\/uploads\/2020\/02\/escabeche-660x325.jpg 660w\" sizes=\"(max-width: 750px) 100vw, 750px\" \/><\/figure>\n","protected":false},"excerpt":{"rendered":"<p>El organismo estatal tambi\u00e9n quit\u00f3 moment\u00e1neamente del mercado una marca de escabeche de jabal\u00ed, de harina de ma\u00edz y elementos m\u00e9dicos. La Administraci\u00f3n Nacional de Medicamentos, Alimentos y Tecnolog\u00eda M\u00e9dica ( ANMAT) orden\u00f3 retirar del mercado m\u00e1s lotes de unas galletitas de marca Frutigran, por no incluir en su etiqueta la frase de advertencia \u201cpuede [&hellip;]<\/p>\n","protected":false},"author":5,"featured_media":229337,"comment_status":"open","ping_status":"open","sticky":false,"template":"","format":"standard","meta":{"_stopmodifiedupdate":false,"_modified_date":"","inline_featured_image":false,"spay_email":"","jetpack_publicize_message":""},"categories":[13],"tags":[],"jetpack_featured_media_url":"https:\/\/notinor.com\/jujuy\/wp-content\/uploads\/2020\/02\/galletas-prohibidas.jpg","jetpack_publicize_connections":[],"_links":{"self":[{"href":"https:\/\/notinor.com\/jujuy\/wp-json\/wp\/v2\/posts\/229336"}],"collection":[{"href":"https:\/\/notinor.com\/jujuy\/wp-json\/wp\/v2\/posts"}],"about":[{"href":"https:\/\/notinor.com\/jujuy\/wp-json\/wp\/v2\/types\/post"}],"author":[{"embeddable":true,"href":"https:\/\/notinor.com\/jujuy\/wp-json\/wp\/v2\/users\/5"}],"replies":[{"embeddable":true,"href":"https:\/\/notinor.com\/jujuy\/wp-json\/wp\/v2\/comments?post=229336"}],"version-history":[{"count":1,"href":"https:\/\/notinor.com\/jujuy\/wp-json\/wp\/v2\/posts\/229336\/revisions"}],"predecessor-version":[{"id":229340,"href":"https:\/\/notinor.com\/jujuy\/wp-json\/wp\/v2\/posts\/229336\/revisions\/229340"}],"wp:featuredmedia":[{"embeddable":true,"href":"https:\/\/notinor.com\/jujuy\/wp-json\/wp\/v2\/media\/229337"}],"wp:attachment":[{"href":"https:\/\/notinor.com\/jujuy\/wp-json\/wp\/v2\/media?parent=229336"}],"wp:term":[{"taxonomy":"category","embeddable":true,"href":"https:\/\/notinor.com\/jujuy\/wp-json\/wp\/v2\/categories?post=229336"},{"taxonomy":"post_tag","embeddable":true,"href":"https:\/\/notinor.com\/jujuy\/wp-json\/wp\/v2\/tags?post=229336"}],"curies":[{"name":"wp","href":"https:\/\/api.w.org\/{rel}","templated":true}]}}