{"id":229326,"date":"2020-02-11T10:45:01","date_gmt":"2020-02-11T13:45:01","guid":{"rendered":"http:\/\/notinor.com\/jujuy\/?p=229326"},"modified":"2020-02-11T10:45:06","modified_gmt":"2020-02-11T13:45:06","slug":"informan-sobre-la-provision-de-agua-potable","status":"publish","type":"post","link":"https:\/\/notinor.com\/jujuy\/informan-sobre-la-provision-de-agua-potable\/","title":{"rendered":"Informan sobre la provisi\u00f3n de agua potable"},"content":{"rendered":"\n<figure class=\"wp-block-image\"><img decoding=\"async\" loading=\"lazy\" width=\"272\" height=\"185\" src=\"http:\/\/notinor.com\/jujuy\/wp-content\/uploads\/2014\/12\/corte-de-agua.jpg\" alt=\"\" class=\"wp-image-8211\"\/><\/figure>\n\n\n\n<p class=\"has-background has-vivid-cyan-blue-background-color\"><strong>Agua Potable de jujuy informa que debido a las fuertes precipitaciones ca\u00eddas sobre la ciudad y diferentes puntos de la provincia, se elevaron de manera superlativa los niveles de turbiedad lo que dificulta la normal producci\u00f3n de agua,&nbsp; provocando baja presi\u00f3n y falta de agua en algunas zonas de Alto Comedero, Palpal\u00e1, Forestal y Carahunco.<\/strong><\/p>\n\n\n\n<p>Por tales motivos pedimos a la comunidad en general hacer un\nuso estrictamente racional mientras el personal de Agua Potable trabaja para\nregularizar la situaci\u00f3n<\/p>\n","protected":false},"excerpt":{"rendered":"<p>Agua Potable de jujuy informa que debido a las fuertes precipitaciones ca\u00eddas sobre la ciudad y diferentes puntos de la provincia, se elevaron de manera superlativa los niveles de turbiedad lo que dificulta la normal producci\u00f3n de agua,&nbsp; provocando baja presi\u00f3n y falta de agua en algunas zonas de Alto Comedero, Palpal\u00e1, Forestal y Carahunco. [&hellip;]<\/p>\n","protected":false},"author":5,"featured_media":8211,"comment_status":"open","ping_status":"open","sticky":false,"template":"","format":"standard","meta":{"_stopmodifiedupdate":false,"_modified_date":"","inline_featured_image":false,"spay_email":"","jetpack_publicize_message":""},"categories":[514],"tags":[],"jetpack_featured_media_url":"https:\/\/notinor.com\/jujuy\/wp-content\/uploads\/2014\/12\/corte-de-agua.jpg","jetpack_publicize_connections":[],"_links":{"self":[{"href":"https:\/\/notinor.com\/jujuy\/wp-json\/wp\/v2\/posts\/229326"}],"collection":[{"href":"https:\/\/notinor.com\/jujuy\/wp-json\/wp\/v2\/posts"}],"about":[{"href":"https:\/\/notinor.com\/jujuy\/wp-json\/wp\/v2\/types\/post"}],"author":[{"embeddable":true,"href":"https:\/\/notinor.com\/jujuy\/wp-json\/wp\/v2\/users\/5"}],"replies":[{"embeddable":true,"href":"https:\/\/notinor.com\/jujuy\/wp-json\/wp\/v2\/comments?post=229326"}],"version-history":[{"count":1,"href":"https:\/\/notinor.com\/jujuy\/wp-json\/wp\/v2\/posts\/229326\/revisions"}],"predecessor-version":[{"id":229327,"href":"https:\/\/notinor.com\/jujuy\/wp-json\/wp\/v2\/posts\/229326\/revisions\/229327"}],"wp:featuredmedia":[{"embeddable":true,"href":"https:\/\/notinor.com\/jujuy\/wp-json\/wp\/v2\/media\/8211"}],"wp:attachment":[{"href":"https:\/\/notinor.com\/jujuy\/wp-json\/wp\/v2\/media?parent=229326"}],"wp:term":[{"taxonomy":"category","embeddable":true,"href":"https:\/\/notinor.com\/jujuy\/wp-json\/wp\/v2\/categories?post=229326"},{"taxonomy":"post_tag","embeddable":true,"href":"https:\/\/notinor.com\/jujuy\/wp-json\/wp\/v2\/tags?post=229326"}],"curies":[{"name":"wp","href":"https:\/\/api.w.org\/{rel}","templated":true}]}}