{"id":229320,"date":"2020-02-10T19:56:51","date_gmt":"2020-02-10T22:56:51","guid":{"rendered":"http:\/\/notinor.com\/jujuy\/?p=229320"},"modified":"2020-02-10T19:56:58","modified_gmt":"2020-02-10T22:56:58","slug":"fernando-gago-fue-operado-con-exito","status":"publish","type":"post","link":"https:\/\/notinor.com\/jujuy\/fernando-gago-fue-operado-con-exito\/","title":{"rendered":"Fernando Gago fue operado con \u00e9xito"},"content":{"rendered":"\n<p><em>El mediocampista de V\u00e9lez fue intervenido por la nueva rotura ligamentaria que sufri\u00f3 en su rodilla derecha.<\/em><\/p>\n\n\n\n<figure class=\"wp-block-image\"><img decoding=\"async\" loading=\"lazy\" width=\"862\" height=\"485\" src=\"https:\/\/i1.wp.com\/notinor.com\/jujuy\/wp-content\/uploads\/2020\/02\/gago-velez_862x485.jpg?fit=840%2C473\" alt=\"\" class=\"wp-image-229321\" srcset=\"https:\/\/notinor.com\/jujuy\/wp-content\/uploads\/2020\/02\/gago-velez_862x485.jpg 862w, https:\/\/notinor.com\/jujuy\/wp-content\/uploads\/2020\/02\/gago-velez_862x485-500x280.jpg 500w, https:\/\/notinor.com\/jujuy\/wp-content\/uploads\/2020\/02\/gago-velez_862x485-649x365.jpg 649w, https:\/\/notinor.com\/jujuy\/wp-content\/uploads\/2020\/02\/gago-velez_862x485-768x432.jpg 768w, https:\/\/notinor.com\/jujuy\/wp-content\/uploads\/2020\/02\/gago-velez_862x485-840x473.jpg 840w\" sizes=\"(max-width: 862px) 100vw, 862px\" \/><\/figure>\n\n\n\n<p class=\"has-background has-vivid-cyan-blue-background-color\">El mediocampista de\u00a0V\u00e9lez Sarsfield Fernando Gago\u00a0fue operado de la lesi\u00f3n en la rodilla derecha que sufri\u00f3 el pasado 30 de enero en el partido contra Aldosivi de Mar del Plata. <\/p>\n\n\n\n<p>La intervenci\u00f3n fue encabezada por el m\u00e9dico traumat\u00f3logo Jorge Batista, quien tambi\u00e9n cont\u00f3 con la colaboraci\u00f3n de los profesionales de la instituci\u00f3n de Liniers.<\/p>\n\n\n\n<p>El mediocampista, de 33 a\u00f1os, se someti\u00f3 por segunda vez en su carrera a una operaci\u00f3n de ligamentos de la rodilla derecha. En esta ocasi\u00f3n sufri\u00f3 un \"estiramiento\" con \"lesi\u00f3n parcial\" de la pl\u00e1stica -el injerto- de la rodilla derecha.&nbsp;<\/p>\n\n\n\n<p>En esa misma rodilla, el mundialista con el seleccionado argentino en Brasil 2014 se hab\u00eda roto el ligamento cruzado anterior y el lateral interno justamente con la camiseta albiceleste en octubre de 2017 en el marco de las eliminatorias para Rusia 2018.<\/p>\n\n\n\n<p>El ex\u00a0Boca Juniors\u00a0iniciar\u00e1 una recuperaci\u00f3n sin plazos con la intenci\u00f3n de volver a la actividad profesional.<\/p>\n\n\n\n<p>Mientras tanto, la dirigencia de V\u00e9lez fue autorizada para contratar un jugador por el cupo que liber\u00f3 Gago y las gestiones apuntan a un delantero de \u00e1rea.&nbsp;<\/p>\n\n\n\n<p>Los nombres que trascendieron son los del uruguayo\u00a0Santiago Garc\u00eda, de\u00a0Godoy Cruz\u00a0de Mendoza, y el de Claudio Spinelli, de Gimnasia y Esgrima\u00a0La Plata.<\/p>\n\n\n\n<p> <\/p>\n","protected":false},"excerpt":{"rendered":"<p>El mediocampista de V\u00e9lez fue intervenido por la nueva rotura ligamentaria que sufri\u00f3 en su rodilla derecha. El mediocampista de\u00a0V\u00e9lez Sarsfield Fernando Gago\u00a0fue operado de la lesi\u00f3n en la rodilla derecha que sufri\u00f3 el pasado 30 de enero en el partido contra Aldosivi de Mar del Plata. La intervenci\u00f3n fue encabezada por el m\u00e9dico traumat\u00f3logo [&hellip;]<\/p>\n","protected":false},"author":37,"featured_media":229321,"comment_status":"open","ping_status":"open","sticky":false,"template":"","format":"standard","meta":{"_stopmodifiedupdate":false,"_modified_date":"","inline_featured_image":false,"spay_email":"","jetpack_publicize_message":"El mediocampista de V\u00e9lez fue intervenido por la nueva rotura ligamentaria que sufri\u00f3 en su rodilla derecha."},"categories":[7],"tags":[],"jetpack_featured_media_url":"https:\/\/notinor.com\/jujuy\/wp-content\/uploads\/2020\/02\/gago-velez_862x485.jpg","jetpack_publicize_connections":[],"_links":{"self":[{"href":"https:\/\/notinor.com\/jujuy\/wp-json\/wp\/v2\/posts\/229320"}],"collection":[{"href":"https:\/\/notinor.com\/jujuy\/wp-json\/wp\/v2\/posts"}],"about":[{"href":"https:\/\/notinor.com\/jujuy\/wp-json\/wp\/v2\/types\/post"}],"author":[{"embeddable":true,"href":"https:\/\/notinor.com\/jujuy\/wp-json\/wp\/v2\/users\/37"}],"replies":[{"embeddable":true,"href":"https:\/\/notinor.com\/jujuy\/wp-json\/wp\/v2\/comments?post=229320"}],"version-history":[{"count":1,"href":"https:\/\/notinor.com\/jujuy\/wp-json\/wp\/v2\/posts\/229320\/revisions"}],"predecessor-version":[{"id":229322,"href":"https:\/\/notinor.com\/jujuy\/wp-json\/wp\/v2\/posts\/229320\/revisions\/229322"}],"wp:featuredmedia":[{"embeddable":true,"href":"https:\/\/notinor.com\/jujuy\/wp-json\/wp\/v2\/media\/229321"}],"wp:attachment":[{"href":"https:\/\/notinor.com\/jujuy\/wp-json\/wp\/v2\/media?parent=229320"}],"wp:term":[{"taxonomy":"category","embeddable":true,"href":"https:\/\/notinor.com\/jujuy\/wp-json\/wp\/v2\/categories?post=229320"},{"taxonomy":"post_tag","embeddable":true,"href":"https:\/\/notinor.com\/jujuy\/wp-json\/wp\/v2\/tags?post=229320"}],"curies":[{"name":"wp","href":"https:\/\/api.w.org\/{rel}","templated":true}]}}