{"id":229314,"date":"2020-02-10T15:42:25","date_gmt":"2020-02-10T18:42:25","guid":{"rendered":"http:\/\/notinor.com\/jujuy\/?p=229314"},"modified":"2020-02-10T15:42:30","modified_gmt":"2020-02-10T18:42:30","slug":"la-delegacion-municipal-cuenta-con-un-punto-fijo-de-vacunacion-y-castracion","status":"publish","type":"post","link":"https:\/\/notinor.com\/jujuy\/la-delegacion-municipal-cuenta-con-un-punto-fijo-de-vacunacion-y-castracion\/","title":{"rendered":"La Delegaci\u00f3n Municipal cuenta con un punto fijo de vacunaci\u00f3n y castraci\u00f3n"},"content":{"rendered":"\n<figure class=\"wp-block-image\"><img decoding=\"async\" loading=\"lazy\" width=\"720\" height=\"480\" src=\"http:\/\/notinor.com\/jujuy\/wp-content\/uploads\/2020\/02\/Zoonosis-2-720x480.jpg\" alt=\"\" class=\"wp-image-229178\" srcset=\"https:\/\/notinor.com\/jujuy\/wp-content\/uploads\/2020\/02\/Zoonosis-2-720x480.jpg 720w, https:\/\/notinor.com\/jujuy\/wp-content\/uploads\/2020\/02\/Zoonosis-2-548x365.jpg 548w, https:\/\/notinor.com\/jujuy\/wp-content\/uploads\/2020\/02\/Zoonosis-2.jpg 750w, https:\/\/notinor.com\/jujuy\/wp-content\/uploads\/2020\/02\/Zoonosis-2-400x266.jpg 400w\" sizes=\"(max-width: 720px) 100vw, 720px\" \/><\/figure>\n\n\n\n<p class=\"has-background has-vivid-cyan-blue-background-color\"><strong>La repartici\u00f3n dependiente de la secretar\u00eda de Gobierno, cuenta con profesionales para que los vecinos del sector puedan llevar a sus mascotas de lunes a viernes 8 a 12 y de 14 a 20 hs.<\/strong><\/p>\n\n\n\n<p>Los vecinos del barrio y zonas aleda\u00f1as pueden acercarse a\nlas instalaciones de la Delegaci\u00f3n Municipal, ubicada en Jorge Cafrune N\u00b01561\ncon sus mascotas \u201cestamos vacunando felinos y canino\u201d explic\u00f3 Juan Casasco,\ndirector de la dependencia.<\/p>\n\n\n\n<p>Adem\u00e1s detall\u00f3 que se brindan turnos para castraciones, como\nen los otros puntos fijos de toda la ciudad \u201clos requisitos son que los\nanimales tengan m\u00e1s de seis meses y que tengan colocada la vacuna antirr\u00e1bica;\nen el caso de las hembras que no est\u00e9n pre\u00f1adas ni en celo al momento de la operaci\u00f3n\u201d.<\/p>\n\n\n\n<p>Este espacio fijo se suma a los tres ya existentes: en\nEdificio 9 de Julio, sito en calle 9 de Julio y Oscar Orias que atiende de\nlunes a domingo de 8 a 12hs y de 14 a 18hs. En la Delegaci\u00f3n de Alto Comedero\nsita avda. Forestal entre Chalic\u00e1n y 9 de Octubre, de lunes a viernes de 8 a\n13hs y de 14 a 18hs. y el Centro Modelo de Zoonosis, en calle Av. Ra\u00fal Gal\u00e1n y\nAv. Presidente Per\u00f3n, con atenci\u00f3n de lunes a viernes de 8 a 13hs. 14 a 18hs.<\/p>\n","protected":false},"excerpt":{"rendered":"<p>La repartici\u00f3n dependiente de la secretar\u00eda de Gobierno, cuenta con profesionales para que los vecinos del sector puedan llevar a sus mascotas de lunes a viernes 8 a 12 y de 14 a 20 hs. Los vecinos del barrio y zonas aleda\u00f1as pueden acercarse a las instalaciones de la Delegaci\u00f3n Municipal, ubicada en Jorge Cafrune [&hellip;]<\/p>\n","protected":false},"author":5,"featured_media":229178,"comment_status":"open","ping_status":"open","sticky":false,"template":"","format":"standard","meta":{"_stopmodifiedupdate":false,"_modified_date":"","inline_featured_image":false,"spay_email":"","jetpack_publicize_message":""},"categories":[490],"tags":[],"jetpack_featured_media_url":"https:\/\/notinor.com\/jujuy\/wp-content\/uploads\/2020\/02\/Zoonosis-2.jpg","jetpack_publicize_connections":[],"_links":{"self":[{"href":"https:\/\/notinor.com\/jujuy\/wp-json\/wp\/v2\/posts\/229314"}],"collection":[{"href":"https:\/\/notinor.com\/jujuy\/wp-json\/wp\/v2\/posts"}],"about":[{"href":"https:\/\/notinor.com\/jujuy\/wp-json\/wp\/v2\/types\/post"}],"author":[{"embeddable":true,"href":"https:\/\/notinor.com\/jujuy\/wp-json\/wp\/v2\/users\/5"}],"replies":[{"embeddable":true,"href":"https:\/\/notinor.com\/jujuy\/wp-json\/wp\/v2\/comments?post=229314"}],"version-history":[{"count":1,"href":"https:\/\/notinor.com\/jujuy\/wp-json\/wp\/v2\/posts\/229314\/revisions"}],"predecessor-version":[{"id":229315,"href":"https:\/\/notinor.com\/jujuy\/wp-json\/wp\/v2\/posts\/229314\/revisions\/229315"}],"wp:featuredmedia":[{"embeddable":true,"href":"https:\/\/notinor.com\/jujuy\/wp-json\/wp\/v2\/media\/229178"}],"wp:attachment":[{"href":"https:\/\/notinor.com\/jujuy\/wp-json\/wp\/v2\/media?parent=229314"}],"wp:term":[{"taxonomy":"category","embeddable":true,"href":"https:\/\/notinor.com\/jujuy\/wp-json\/wp\/v2\/categories?post=229314"},{"taxonomy":"post_tag","embeddable":true,"href":"https:\/\/notinor.com\/jujuy\/wp-json\/wp\/v2\/tags?post=229314"}],"curies":[{"name":"wp","href":"https:\/\/api.w.org\/{rel}","templated":true}]}}