{"id":229306,"date":"2020-02-10T15:02:38","date_gmt":"2020-02-10T18:02:38","guid":{"rendered":"http:\/\/notinor.com\/jujuy\/?p=229306"},"modified":"2020-02-10T15:02:44","modified_gmt":"2020-02-10T18:02:44","slug":"se-lanzo-el-programa-juntos-en-el-inicio-de-clases","status":"publish","type":"post","link":"https:\/\/notinor.com\/jujuy\/se-lanzo-el-programa-juntos-en-el-inicio-de-clases\/","title":{"rendered":"Se lanz\u00f3 el programa \u00abJuntos en el inicio de clases\u00bb"},"content":{"rendered":"\n<figure class=\"wp-block-image\"><img decoding=\"async\" loading=\"lazy\" width=\"720\" height=\"480\" src=\"http:\/\/notinor.com\/jujuy\/wp-content\/uploads\/2020\/02\/INICIO-CLASES-720x480.jpg\" alt=\"\" class=\"wp-image-229307\" srcset=\"https:\/\/notinor.com\/jujuy\/wp-content\/uploads\/2020\/02\/INICIO-CLASES-720x480.jpg 720w, https:\/\/notinor.com\/jujuy\/wp-content\/uploads\/2020\/02\/INICIO-CLASES-548x365.jpg 548w, https:\/\/notinor.com\/jujuy\/wp-content\/uploads\/2020\/02\/INICIO-CLASES.jpg 750w, https:\/\/notinor.com\/jujuy\/wp-content\/uploads\/2020\/02\/INICIO-CLASES-400x266.jpg 400w\" sizes=\"(max-width: 720px) 100vw, 720px\" \/><\/figure>\n\n\n\n<p class=\"has-background has-vivid-cyan-blue-background-color\"><strong>La iniciativa tiene por objetivo la descentralizaci\u00f3n y resoluci\u00f3n de los tr\u00e1mites administrativos relacionados con el inicio del ciclo lectivo, el mismo se extender\u00e1 hasta el 10 de marzo recorriendo para ello los distintos barrios de la Capital.<\/strong><\/p>\n\n\n\n<p>Por tal motivo, el director del Registro Civil, Octavio\nRivas, se\u00f1al\u00f3 que debido al inicio del ciclo lectivo y teniendo en cuenta la\ndemanda de partidas de nacimiento se dispuso ejecutar de manera conjunta con la\nmunicipalidad de la capital la entrega de partidas de nacimiento, cuyo tr\u00e1mite\ndemorar\u00e1 no m\u00e1s de cinco minutos.<\/p>\n\n\n\n<p>De esta manera, estamos acercando a los vecinos servicios\nreales y concretos, los cuales ser\u00e1n llevados a cabo en los amplios espacios\ncon los que cuenta la Municipalidad como por ejemplo N\u00facleos de Inclusi\u00f3n y\nDesarrollo de Oportunidades (Nidos) y los Centros Culturales y Centros de\nAtenci\u00f3n Comunitaria (CAM), entre otros lugares.<\/p>\n\n\n\n<p>CRONOGRAMA DE VISITAS<\/p>\n\n\n\n<p>El 10 y 11 de febrero se atender\u00e1 en el C.I.C (Centro de\nIntegraci\u00f3n Comunitaria), Che Guevara; 13 y 14 en el Punto Digital Jorge\nCafrune; 17 y 18 en e\u00f1 CPV Malvinas; 27 y 28 en el C.A.M.(Centro de Atenci\u00f3n\nComunitaria), Marcelino Musto; el 2 y 3 de marzo en Punto Digital Faro del\nSaber; el 5 y 6 de en Escuela 461 CPV 18 Hect\u00e1reas; y finalmente el 9 y 10 de\nmarzo en la direcci\u00f3n de Participaci\u00f3n Ciudadana que se encuentra en el Centro\nCultural \u00c9xodo Juje\u00f1o, los distintos servicios que se podr\u00e1n gestionar ser\u00e1n de\n8 a 12 hs.<\/p>\n\n\n\n<p>Algunos de los servicios que ofrecer\u00e1n son: Partida de\nnacimiento, certificado de residencia, canje de libros, tr\u00e1mites de pases\nlibres para personas con discapacidad, tr\u00e1mites referidos al B.E.G.U, Programa\nPromover la Igualdad de Oportunidades de Empleo para personas con Discapacidad,\nentre otros.<\/p>\n","protected":false},"excerpt":{"rendered":"<p>La iniciativa tiene por objetivo la descentralizaci\u00f3n y resoluci\u00f3n de los tr\u00e1mites administrativos relacionados con el inicio del ciclo lectivo, el mismo se extender\u00e1 hasta el 10 de marzo recorriendo para ello los distintos barrios de la Capital. Por tal motivo, el director del Registro Civil, Octavio Rivas, se\u00f1al\u00f3 que debido al inicio del ciclo [&hellip;]<\/p>\n","protected":false},"author":5,"featured_media":229307,"comment_status":"open","ping_status":"open","sticky":false,"template":"","format":"standard","meta":{"_stopmodifiedupdate":false,"_modified_date":"","inline_featured_image":false,"spay_email":"","jetpack_publicize_message":""},"categories":[490],"tags":[],"jetpack_featured_media_url":"https:\/\/notinor.com\/jujuy\/wp-content\/uploads\/2020\/02\/INICIO-CLASES.jpg","jetpack_publicize_connections":[],"_links":{"self":[{"href":"https:\/\/notinor.com\/jujuy\/wp-json\/wp\/v2\/posts\/229306"}],"collection":[{"href":"https:\/\/notinor.com\/jujuy\/wp-json\/wp\/v2\/posts"}],"about":[{"href":"https:\/\/notinor.com\/jujuy\/wp-json\/wp\/v2\/types\/post"}],"author":[{"embeddable":true,"href":"https:\/\/notinor.com\/jujuy\/wp-json\/wp\/v2\/users\/5"}],"replies":[{"embeddable":true,"href":"https:\/\/notinor.com\/jujuy\/wp-json\/wp\/v2\/comments?post=229306"}],"version-history":[{"count":1,"href":"https:\/\/notinor.com\/jujuy\/wp-json\/wp\/v2\/posts\/229306\/revisions"}],"predecessor-version":[{"id":229308,"href":"https:\/\/notinor.com\/jujuy\/wp-json\/wp\/v2\/posts\/229306\/revisions\/229308"}],"wp:featuredmedia":[{"embeddable":true,"href":"https:\/\/notinor.com\/jujuy\/wp-json\/wp\/v2\/media\/229307"}],"wp:attachment":[{"href":"https:\/\/notinor.com\/jujuy\/wp-json\/wp\/v2\/media?parent=229306"}],"wp:term":[{"taxonomy":"category","embeddable":true,"href":"https:\/\/notinor.com\/jujuy\/wp-json\/wp\/v2\/categories?post=229306"},{"taxonomy":"post_tag","embeddable":true,"href":"https:\/\/notinor.com\/jujuy\/wp-json\/wp\/v2\/tags?post=229306"}],"curies":[{"name":"wp","href":"https:\/\/api.w.org\/{rel}","templated":true}]}}