{"id":229303,"date":"2020-02-10T14:36:32","date_gmt":"2020-02-10T17:36:32","guid":{"rendered":"http:\/\/notinor.com\/jujuy\/?p=229303"},"modified":"2020-02-10T14:36:38","modified_gmt":"2020-02-10T17:36:38","slug":"lanzan-nueva-linea-de-creditos-del-banco-nacion","status":"publish","type":"post","link":"https:\/\/notinor.com\/jujuy\/lanzan-nueva-linea-de-creditos-del-banco-nacion\/","title":{"rendered":"Lanzan nueva l\u00ednea de cr\u00e9ditos del Banco Naci\u00f3n"},"content":{"rendered":"\n<figure class=\"wp-block-image\"><img decoding=\"async\" loading=\"lazy\" width=\"800\" height=\"408\" src=\"http:\/\/notinor.com\/jujuy\/wp-content\/uploads\/2020\/02\/LINEA.jpg\" alt=\"\" class=\"wp-image-229304\" srcset=\"https:\/\/notinor.com\/jujuy\/wp-content\/uploads\/2020\/02\/LINEA.jpg 800w, https:\/\/notinor.com\/jujuy\/wp-content\/uploads\/2020\/02\/LINEA-660x337.jpg 660w, https:\/\/notinor.com\/jujuy\/wp-content\/uploads\/2020\/02\/LINEA-768x392.jpg 768w\" sizes=\"(max-width: 800px) 100vw, 800px\" \/><\/figure>\n\n\n\n<p class=\"has-background has-vivid-cyan-blue-background-color\"><strong>El ministro de Desarrollo Productivo, Mat\u00edas Kulfas, explic\u00f3 que la entidad bancaria destinar\u00e1 10 mil millones de pesos y asegur\u00f3 que las peque\u00f1as y medianas empresas \"son el 72 por ciento del empleo privado, y el 50 por ciento del producto bruto interno\".<\/strong><\/p>\n\n\n\n<p>El Gobierno anunci\u00f3 que el Banco Naci\u00f3n destinar\u00e1 10 mil\nmillones de pesos a una nueva l\u00ednea de cr\u00e9ditos para PyMEs. (Prensa\nPresidencia)El Gobierno anunci\u00f3 que el Banco Naci\u00f3n destinar\u00e1 10 mil millones\nde pesos a una nueva l\u00ednea de cr\u00e9ditos para PyMEs. (Prensa Presidencia)<\/p>\n\n\n\n<p>El Gobierno anunci\u00f3 este lunes que el Banco Naci\u00f3n destinar\u00e1\n10 mil millones de pesos a una nueva l\u00ednea de cr\u00e9ditos para PyMEs a una tasa bonificada\ndel 27,9 por ciento. El objetivo es generar un alivio en la situaci\u00f3n\nfinanciera de los sectores productivos de todo el pa\u00eds para que puedan volver a\ncrecer.<\/p>\n\n\n\n<p>El ministro de Desarrollo Productivo, Mat\u00edas Kulfas, explic\u00f3\nen una conferencia de prensa en Casa Rosada que \"las PyMEs son una parte\nfundamental de la producci\u00f3n en la Argentina. Son el 72 por ciento del empleo\nprivado, y el 50 por ciento del producto bruto interno\".<\/p>\n\n\n\n<p>Se\u00f1al\u00f3 que la medida \"es un paso importante, que se\nsuma a la moratoria impositiva, y a pol\u00edticas que buscan mejorar los ingresos\nde los sectores m\u00e1s pobres de la Argentina\", explic\u00f3 el ministro.<\/p>\n\n\n\n<p>Kulfas estuvo acompa\u00f1ado por el titular del Banco Naci\u00f3n,\nEduardo Hecker, y el secretario de la Peque\u00f1a y Mediana Empresa y de los\nEmprendedores, Guillermo Merediz.<\/p>\n\n\n\n<p>La l\u00ednea de financiamiento busca apuntalar el capital de\ntrabajo de micro, peque\u00f1as y medianas empresas. Podr\u00e1 destinarse a la\nadquisici\u00f3n de materias primas, pago de salarios y otros gastos.<\/p>\n\n\n\n<p>La tasa del 27,9 por ciento regir\u00e1 para clientes integrales\ndel Banco Naci\u00f3n. En el caso de las empresas que no lo sean, tambi\u00e9n habr\u00e1 una\ntasa bonificada del 29,5 por ciento.<\/p>\n\n\n\n<p>M\u00e1s tarde, Hecker se\u00f1al\u00f3 que \u00e9sta \"es compatible con\nlas posibilidades de poner en marcha empresas que hoy est\u00e1n en condiciones de\nvolver a retomar procesos productivos m\u00e1s ambiciosos, m\u00e1s amplios\".<\/p>\n\n\n\n<p>\"Queremos volver a tener un Banco Naci\u00f3n que se\nrelacione con el sector real de la econom\u00eda, pero particularmente con la\npeque\u00f1a y mediana empresa, porque son generadoras de puestos de trabajo\",\nenfatiz\u00f3 Hecker.<\/p>\n","protected":false},"excerpt":{"rendered":"<p>El ministro de Desarrollo Productivo, Mat\u00edas Kulfas, explic\u00f3 que la entidad bancaria destinar\u00e1 10 mil millones de pesos y asegur\u00f3 que las peque\u00f1as y medianas empresas \"son el 72 por ciento del empleo privado, y el 50 por ciento del producto bruto interno\". El Gobierno anunci\u00f3 que el Banco Naci\u00f3n destinar\u00e1 10 mil millones de [&hellip;]<\/p>\n","protected":false},"author":5,"featured_media":229304,"comment_status":"open","ping_status":"open","sticky":false,"template":"","format":"standard","meta":{"_stopmodifiedupdate":false,"_modified_date":"","inline_featured_image":false,"spay_email":"","jetpack_publicize_message":""},"categories":[5],"tags":[],"jetpack_featured_media_url":"https:\/\/notinor.com\/jujuy\/wp-content\/uploads\/2020\/02\/LINEA.jpg","jetpack_publicize_connections":[],"_links":{"self":[{"href":"https:\/\/notinor.com\/jujuy\/wp-json\/wp\/v2\/posts\/229303"}],"collection":[{"href":"https:\/\/notinor.com\/jujuy\/wp-json\/wp\/v2\/posts"}],"about":[{"href":"https:\/\/notinor.com\/jujuy\/wp-json\/wp\/v2\/types\/post"}],"author":[{"embeddable":true,"href":"https:\/\/notinor.com\/jujuy\/wp-json\/wp\/v2\/users\/5"}],"replies":[{"embeddable":true,"href":"https:\/\/notinor.com\/jujuy\/wp-json\/wp\/v2\/comments?post=229303"}],"version-history":[{"count":1,"href":"https:\/\/notinor.com\/jujuy\/wp-json\/wp\/v2\/posts\/229303\/revisions"}],"predecessor-version":[{"id":229305,"href":"https:\/\/notinor.com\/jujuy\/wp-json\/wp\/v2\/posts\/229303\/revisions\/229305"}],"wp:featuredmedia":[{"embeddable":true,"href":"https:\/\/notinor.com\/jujuy\/wp-json\/wp\/v2\/media\/229304"}],"wp:attachment":[{"href":"https:\/\/notinor.com\/jujuy\/wp-json\/wp\/v2\/media?parent=229303"}],"wp:term":[{"taxonomy":"category","embeddable":true,"href":"https:\/\/notinor.com\/jujuy\/wp-json\/wp\/v2\/categories?post=229303"},{"taxonomy":"post_tag","embeddable":true,"href":"https:\/\/notinor.com\/jujuy\/wp-json\/wp\/v2\/tags?post=229303"}],"curies":[{"name":"wp","href":"https:\/\/api.w.org\/{rel}","templated":true}]}}