{"id":229293,"date":"2020-02-09T13:54:58","date_gmt":"2020-02-09T16:54:58","guid":{"rendered":"http:\/\/notinor.com\/jujuy\/?p=229293"},"modified":"2020-02-10T14:01:18","modified_gmt":"2020-02-10T17:01:18","slug":"jornadas-de-ambientacion-para-ingresantes-2020-en-humanidades","status":"publish","type":"post","link":"https:\/\/notinor.com\/jujuy\/jornadas-de-ambientacion-para-ingresantes-2020-en-humanidades\/","title":{"rendered":"Jornadas de Ambientaci\u00f3n para ingresantes 2020 en Humanidades"},"content":{"rendered":"\n<figure class=\"wp-block-image\"><img decoding=\"async\" loading=\"lazy\" width=\"473\" height=\"480\" src=\"http:\/\/notinor.com\/jujuy\/wp-content\/uploads\/2020\/02\/ambientacionsanpedro-473x480.jpg\" alt=\"\" class=\"wp-image-229294\" srcset=\"https:\/\/notinor.com\/jujuy\/wp-content\/uploads\/2020\/02\/ambientacionsanpedro-473x480.jpg 473w, https:\/\/notinor.com\/jujuy\/wp-content\/uploads\/2020\/02\/ambientacionsanpedro-360x365.jpg 360w, https:\/\/notinor.com\/jujuy\/wp-content\/uploads\/2020\/02\/ambientacionsanpedro-100x100.jpg 100w, https:\/\/notinor.com\/jujuy\/wp-content\/uploads\/2020\/02\/ambientacionsanpedro-75x75.jpg 75w, https:\/\/notinor.com\/jujuy\/wp-content\/uploads\/2020\/02\/ambientacionsanpedro.jpg 550w\" sizes=\"(max-width: 473px) 100vw, 473px\" \/><\/figure>\n\n\n\n<p class=\"has-background has-vivid-cyan-blue-background-color\"><strong>Quienes a\u00fan no hayan cumplido con la inscripci\u00f3n definitiva, pueden asistir de todas maneras a las jornadas de ambientaci\u00f3n.<\/strong><\/p>\n\n\n\n<p>El \u00c1rea de Ambientaci\u00f3n y Orientaci\u00f3n Estudiantil de la\nFacultad de Humanidades y Ciencias Sociales (FHyCS) de la Universidad Nacional\nde Jujuy (UNJu), comunica a ingresantes de las distintas carreras, de la\nmencionada unidad acad\u00e9mica, las fechas de las jornadas de ambientaci\u00f3n para el\nciclo de ingreso 2020.<\/p>\n\n\n\n<p>Las mismas se dividir\u00e1n en dos per\u00edodos para la sede San\nSalvador de Jujuy, el primero inicia este lunes 10 de febrero hasta el viernes\n21 de febrero y el segundo per\u00edodo se dictar\u00e1 desde el lunes 02 de marzo hasta\nel 13 de marzo. Los horarios de dictado son&nbsp;\nde 9:00 a 12:00 y de 17:00 a 20:00 horas. Las personas ingresantes\ndeber\u00e1n elegir por uno de los dos per\u00edodos, como as\u00ed tambi\u00e9n una sola franja\nhoraria.<\/p>\n\n\n\n<p>En la sede de San Pedro de Jujuy las jornadas de\nambientaci\u00f3n se realizar\u00e1n a partir del lunes 17 de febrero y hasta el 11 de\nmarzo los d\u00edas lunes, martes y mi\u00e9rcoles en los horarios de 9:00 a 12:00 y de\n17:00 a 20:00 horas. Las personas ingresantes deben elegir uno de los dos\nhorarios.<\/p>\n\n\n\n<p>No obstante, en la sede de Humahuaca las personas\ningresantes deber\u00e1n comunicarse con la coordinaci\u00f3n al tel\u00e9fono (0388)\n154430835 para solicitar informaci\u00f3n. Si usted curs\u00f3 en diciembre el M\u00f3dulo 1,\ndeber\u00e1 asistir los d\u00edas 11, 13, 14, 18, 20 y 21 de febrero, en el horario que\nelija, de 9:00 a 12:00 o de 17:00 a 20:00 horas, para cursar los M\u00f3dulos 2 y 3\ncorrespondientes.<\/p>\n\n\n\n<p>Quienes a\u00fan no hayan cumplido con la inscripci\u00f3n definitiva,\npresentando la documentaci\u00f3n ante Direcci\u00f3n Alumnos, pueden asistir de todas\nmaneras a las jornadas de ambientaci\u00f3n.<\/p>\n\n\n\n<p>Por mayor informaci\u00f3n dirigirse al \u00c1rea de Ambientaci\u00f3n y\nOrientaci\u00f3n Estudiantil ubicada en el 3\u00ba piso- Otero 262- San Salvador de\nJujuy. Correo electr\u00f3nico: aaoefhycs@fhycs.unju.edu.ar.-<\/p>\n","protected":false},"excerpt":{"rendered":"<p>Quienes a\u00fan no hayan cumplido con la inscripci\u00f3n definitiva, pueden asistir de todas maneras a las jornadas de ambientaci\u00f3n. El \u00c1rea de Ambientaci\u00f3n y Orientaci\u00f3n Estudiantil de la Facultad de Humanidades y Ciencias Sociales (FHyCS) de la Universidad Nacional de Jujuy (UNJu), comunica a ingresantes de las distintas carreras, de la mencionada unidad acad\u00e9mica, las [&hellip;]<\/p>\n","protected":false},"author":5,"featured_media":229294,"comment_status":"open","ping_status":"open","sticky":false,"template":"","format":"standard","meta":{"_stopmodifiedupdate":false,"_modified_date":"","inline_featured_image":false,"spay_email":"","jetpack_publicize_message":""},"categories":[13],"tags":[],"jetpack_featured_media_url":"https:\/\/notinor.com\/jujuy\/wp-content\/uploads\/2020\/02\/ambientacionsanpedro.jpg","jetpack_publicize_connections":[],"_links":{"self":[{"href":"https:\/\/notinor.com\/jujuy\/wp-json\/wp\/v2\/posts\/229293"}],"collection":[{"href":"https:\/\/notinor.com\/jujuy\/wp-json\/wp\/v2\/posts"}],"about":[{"href":"https:\/\/notinor.com\/jujuy\/wp-json\/wp\/v2\/types\/post"}],"author":[{"embeddable":true,"href":"https:\/\/notinor.com\/jujuy\/wp-json\/wp\/v2\/users\/5"}],"replies":[{"embeddable":true,"href":"https:\/\/notinor.com\/jujuy\/wp-json\/wp\/v2\/comments?post=229293"}],"version-history":[{"count":1,"href":"https:\/\/notinor.com\/jujuy\/wp-json\/wp\/v2\/posts\/229293\/revisions"}],"predecessor-version":[{"id":229295,"href":"https:\/\/notinor.com\/jujuy\/wp-json\/wp\/v2\/posts\/229293\/revisions\/229295"}],"wp:featuredmedia":[{"embeddable":true,"href":"https:\/\/notinor.com\/jujuy\/wp-json\/wp\/v2\/media\/229294"}],"wp:attachment":[{"href":"https:\/\/notinor.com\/jujuy\/wp-json\/wp\/v2\/media?parent=229293"}],"wp:term":[{"taxonomy":"category","embeddable":true,"href":"https:\/\/notinor.com\/jujuy\/wp-json\/wp\/v2\/categories?post=229293"},{"taxonomy":"post_tag","embeddable":true,"href":"https:\/\/notinor.com\/jujuy\/wp-json\/wp\/v2\/tags?post=229293"}],"curies":[{"name":"wp","href":"https:\/\/api.w.org\/{rel}","templated":true}]}}