{"id":229269,"date":"2020-02-08T09:37:17","date_gmt":"2020-02-08T12:37:17","guid":{"rendered":"http:\/\/notinor.com\/jujuy\/?p=229269"},"modified":"2020-02-10T09:40:14","modified_gmt":"2020-02-10T12:40:14","slug":"el-gobierno-decreto-congelamiento-de-la-tarifa-electrica-y-beneficios-para-usuarios-jujenos","status":"publish","type":"post","link":"https:\/\/notinor.com\/jujuy\/el-gobierno-decreto-congelamiento-de-la-tarifa-electrica-y-beneficios-para-usuarios-jujenos\/","title":{"rendered":"El Gobierno decret\u00f3 congelamiento de la tarifa el\u00e9ctrica y beneficios para usuarios juje\u00f1os"},"content":{"rendered":"\n<figure class=\"wp-block-image\"><img decoding=\"async\" loading=\"lazy\" width=\"720\" height=\"480\" src=\"http:\/\/notinor.com\/jujuy\/wp-content\/uploads\/2020\/02\/congelamiento-720x480.jpg\" alt=\"\" class=\"wp-image-229270\" srcset=\"https:\/\/notinor.com\/jujuy\/wp-content\/uploads\/2020\/02\/congelamiento-720x480.jpg 720w, https:\/\/notinor.com\/jujuy\/wp-content\/uploads\/2020\/02\/congelamiento-548x365.jpg 548w, https:\/\/notinor.com\/jujuy\/wp-content\/uploads\/2020\/02\/congelamiento.jpg 750w, https:\/\/notinor.com\/jujuy\/wp-content\/uploads\/2020\/02\/congelamiento-400x266.jpg 400w\" sizes=\"(max-width: 720px) 100vw, 720px\" \/><\/figure>\n\n\n\n<p class=\"has-background has-vivid-cyan-blue-background-color\"><strong>El gobernador Gerardo Morales emiti\u00f3 un decreto en el que establece el congelamiento de la tarifa el\u00e9ctrica en la Provincia de Jujuy, por el t\u00e9rmino de 180 d\u00edas, contados a partir del 1\u00ba de enero de 2020; adem\u00e1s, la vigencia permanente del registro para la tarifa social y un sistema de beneficios y subsidios para usuarios que tengan inconvenientes en hacer frente al servicio y que no est\u00e9n encuadrados en tarifa social.<\/strong><\/p>\n\n\n\n<p>En este marco, se resalt\u00f3 que EJESA es una empresa privada\nque presta el servicio p\u00fablico de distribuci\u00f3n en nuestra provincia, servicio\neste que est\u00e1 regulado por leyes y un contrato de concesi\u00f3n que datan de m\u00e1s de\n20 a\u00f1os, en el cual se establece el mecanismo para la determinaci\u00f3n de la\ntarifa. Asimismo, es importante poner en conocimiento a los ciudadanos de\nnuestra provincia, que el Estado provincial solo tiene injerencia sobre el un\ntercio del valor de la energ\u00eda que se factura, el otro tercio, lo determina el\nprecio de compra de la energ\u00eda m\u00e1s el transporte, que los fija la Naci\u00f3n, y el\nresto son tasas municipales e impuestos.<\/p>\n\n\n\n<p>El anuncio fue realizado en conferencia de prensa por el\nsecretario de Energ\u00eda de la Provincia, Mario Pizarro, junto al ministro de\nInfraestructura, Carlos Stanic; acompa\u00f1ados por el presidente del Bloque de\nDiputados de la UCR, Alberto Bernis; el presidente de la SUSEPU, H\u00e9ctor Simone,\ny los legisladores Fabi\u00e1n Tejerina, N\u00e9stor Sanabia y Santiago Jubert.<\/p>\n\n\n\n<p>Pizarro enfatiz\u00f3 que \u201ceste decreto establece tres cuestiones\nimportantes para los usuarios del servicio de energ\u00eda el\u00e9ctrica en la provincia\nde Jujuy. Primero, el congelamiento tarifario transitorio por 180 d\u00edas, al\nigual que en la Naci\u00f3n, a partir del 1\u00ba de enero de 2020\u201d.<\/p>\n\n\n\n<p>En segundo lugar, queda establecido en el instrumento\nfirmado por el Gobernador que el registro para acceder a la tarifa social\nquedar\u00e1 abierto en forma permanente, a fin de que quienes no se hayan\nreempadronado, lo puedan hacer y de esta manera acceder a este beneficio social\nque ya posee condiciones espec\u00edficas.<\/p>\n\n\n\n<p>\u201cEste gobierno, con fondos propios \u2013no fondos nacionales-\nviene sosteniendo la tarifa social a lo largo de todo el a\u00f1o 2019, y tambi\u00e9n lo\nvamos a seguir haciendo en todo el 2020, para todos aquellos usuarios que est\u00e9n\ncomprendidos dentro de la tarifa social\u201d, agreg\u00f3 Pizarro.<\/p>\n\n\n\n<p>En tercer lugar, el decreto contempla a un sector importante\nde la ciudadan\u00eda, que son todos aquellos usuarios que no est\u00e1n comprendidos en\nel r\u00e9gimen de Tarifa Social, y que a partir de ahora podr\u00e1n, en el caso de que\ntengan inconvenientes para pagar la factura del servicio, realizar gestiones\nante la Secretar\u00eda de Energ\u00eda de Jujuy para obtener un subsidio, a fin de\nsolucionar cuestiones particulares y puntuales que se determinen del an\u00e1lisis\nde esa situaci\u00f3n personal. \u201cEsto muestra a las claras, que tenemos un Gobernador\nque se preocupa y que est\u00e1 atento a todas las cuestiones que vive nuestra\ncomunidad\u201d, destac\u00f3 Pizarro.<\/p>\n\n\n\n<p>Con respecto a las facturas ya emitidas, el funcionario\naclar\u00f3 que, si el usuario cumpliera los requisitos para acceder a la tarifa\nsocial, tendr\u00e1 una compensaci\u00f3n en su factura.<\/p>\n","protected":false},"excerpt":{"rendered":"<p>El gobernador Gerardo Morales emiti\u00f3 un decreto en el que establece el congelamiento de la tarifa el\u00e9ctrica en la Provincia de Jujuy, por el t\u00e9rmino de 180 d\u00edas, contados a partir del 1\u00ba de enero de 2020; adem\u00e1s, la vigencia permanente del registro para la tarifa social y un sistema de beneficios y subsidios para [&hellip;]<\/p>\n","protected":false},"author":5,"featured_media":229270,"comment_status":"open","ping_status":"open","sticky":false,"template":"","format":"standard","meta":{"_stopmodifiedupdate":false,"_modified_date":"","inline_featured_image":false,"spay_email":"","jetpack_publicize_message":""},"categories":[2],"tags":[],"jetpack_featured_media_url":"https:\/\/notinor.com\/jujuy\/wp-content\/uploads\/2020\/02\/congelamiento.jpg","jetpack_publicize_connections":[],"_links":{"self":[{"href":"https:\/\/notinor.com\/jujuy\/wp-json\/wp\/v2\/posts\/229269"}],"collection":[{"href":"https:\/\/notinor.com\/jujuy\/wp-json\/wp\/v2\/posts"}],"about":[{"href":"https:\/\/notinor.com\/jujuy\/wp-json\/wp\/v2\/types\/post"}],"author":[{"embeddable":true,"href":"https:\/\/notinor.com\/jujuy\/wp-json\/wp\/v2\/users\/5"}],"replies":[{"embeddable":true,"href":"https:\/\/notinor.com\/jujuy\/wp-json\/wp\/v2\/comments?post=229269"}],"version-history":[{"count":1,"href":"https:\/\/notinor.com\/jujuy\/wp-json\/wp\/v2\/posts\/229269\/revisions"}],"predecessor-version":[{"id":229271,"href":"https:\/\/notinor.com\/jujuy\/wp-json\/wp\/v2\/posts\/229269\/revisions\/229271"}],"wp:featuredmedia":[{"embeddable":true,"href":"https:\/\/notinor.com\/jujuy\/wp-json\/wp\/v2\/media\/229270"}],"wp:attachment":[{"href":"https:\/\/notinor.com\/jujuy\/wp-json\/wp\/v2\/media?parent=229269"}],"wp:term":[{"taxonomy":"category","embeddable":true,"href":"https:\/\/notinor.com\/jujuy\/wp-json\/wp\/v2\/categories?post=229269"},{"taxonomy":"post_tag","embeddable":true,"href":"https:\/\/notinor.com\/jujuy\/wp-json\/wp\/v2\/tags?post=229269"}],"curies":[{"name":"wp","href":"https:\/\/api.w.org\/{rel}","templated":true}]}}