{"id":229249,"date":"2020-02-07T17:46:48","date_gmt":"2020-02-07T20:46:48","guid":{"rendered":"http:\/\/notinor.com\/jujuy\/?p=229249"},"modified":"2020-02-07T17:46:53","modified_gmt":"2020-02-07T20:46:53","slug":"pedido-de-pronto-tratamiento-al-proyecto-de-ley-para-habilitacion-de-procedimientos-digitales-y-comunicaciones-electronicas-seguras","status":"publish","type":"post","link":"https:\/\/notinor.com\/jujuy\/pedido-de-pronto-tratamiento-al-proyecto-de-ley-para-habilitacion-de-procedimientos-digitales-y-comunicaciones-electronicas-seguras\/","title":{"rendered":"Pedido de pronto tratamiento al proyecto de ley para habilitaci\u00f3n de procedimientos digitales y comunicaciones electr\u00f3nicas seguras"},"content":{"rendered":"\n<figure class=\"wp-block-image\"><img decoding=\"async\" loading=\"lazy\" width=\"714\" height=\"480\" src=\"http:\/\/notinor.com\/jujuy\/wp-content\/uploads\/2020\/02\/legislatura-1-714x480.jpg\" alt=\"\" class=\"wp-image-229251\" srcset=\"https:\/\/notinor.com\/jujuy\/wp-content\/uploads\/2020\/02\/legislatura-1-714x480.jpg 714w, https:\/\/notinor.com\/jujuy\/wp-content\/uploads\/2020\/02\/legislatura-1-543x365.jpg 543w, https:\/\/notinor.com\/jujuy\/wp-content\/uploads\/2020\/02\/legislatura-1.jpg 750w\" sizes=\"(max-width: 714px) 100vw, 714px\" \/><\/figure>\n\n\n\n<p class=\"has-background has-vivid-cyan-blue-background-color\"><strong>En respuesta a un oficio recibido por parte del Superior Tribunal de Justicia de Jujuy, solicitando brindar pronto tratamiento al Proyecto de Ley para la Habilitaci\u00f3n de Procedimientos Digitales y Comunicaciones Electr\u00f3nicas Seguras en los Procesos Judiciales y Administrativos del Poder Judicial de Jujuy, con id\u00e9ntica eficacia jur\u00eddica y valor probatorio que sus equivalentes convencionales en soporte de papel o f\u00edsico\", el presidente del Poder Legislativo, C.P.N. Carlos Haquim, se\u00f1al\u00f3 que se dio curso al pedido, remiti\u00e9ndolo en tiempo y forma a las Comisiones de Legislaci\u00f3n General y Asuntos Institucionales para su tratamiento en el pr\u00f3ximo periodo de Sesiones Ordinarias 2020.<\/strong><\/p>\n\n\n\n<p>El oficio de referencia lleva la r\u00fabrica del Juez, Dr.\nSergio Marcelo Jenefes (a cargo de la Presidencia del Superior Tribunal de\nJusticia de Jujuy), donde enfatiza la necesidad de contar con ese instrumento\npara su implementaci\u00f3n en el sistema judicial.<\/p>\n","protected":false},"excerpt":{"rendered":"<p>En respuesta a un oficio recibido por parte del Superior Tribunal de Justicia de Jujuy, solicitando brindar pronto tratamiento al Proyecto de Ley para la Habilitaci\u00f3n de Procedimientos Digitales y Comunicaciones Electr\u00f3nicas Seguras en los Procesos Judiciales y Administrativos del Poder Judicial de Jujuy, con id\u00e9ntica eficacia jur\u00eddica y valor probatorio que sus equivalentes convencionales [&hellip;]<\/p>\n","protected":false},"author":5,"featured_media":225463,"comment_status":"open","ping_status":"open","sticky":false,"template":"","format":"standard","meta":{"_stopmodifiedupdate":false,"_modified_date":"","inline_featured_image":false,"spay_email":"","jetpack_publicize_message":""},"categories":[514],"tags":[],"jetpack_featured_media_url":"https:\/\/notinor.com\/jujuy\/wp-content\/uploads\/2019\/11\/legislatura.jpg","jetpack_publicize_connections":[],"_links":{"self":[{"href":"https:\/\/notinor.com\/jujuy\/wp-json\/wp\/v2\/posts\/229249"}],"collection":[{"href":"https:\/\/notinor.com\/jujuy\/wp-json\/wp\/v2\/posts"}],"about":[{"href":"https:\/\/notinor.com\/jujuy\/wp-json\/wp\/v2\/types\/post"}],"author":[{"embeddable":true,"href":"https:\/\/notinor.com\/jujuy\/wp-json\/wp\/v2\/users\/5"}],"replies":[{"embeddable":true,"href":"https:\/\/notinor.com\/jujuy\/wp-json\/wp\/v2\/comments?post=229249"}],"version-history":[{"count":1,"href":"https:\/\/notinor.com\/jujuy\/wp-json\/wp\/v2\/posts\/229249\/revisions"}],"predecessor-version":[{"id":229252,"href":"https:\/\/notinor.com\/jujuy\/wp-json\/wp\/v2\/posts\/229249\/revisions\/229252"}],"wp:featuredmedia":[{"embeddable":true,"href":"https:\/\/notinor.com\/jujuy\/wp-json\/wp\/v2\/media\/225463"}],"wp:attachment":[{"href":"https:\/\/notinor.com\/jujuy\/wp-json\/wp\/v2\/media?parent=229249"}],"wp:term":[{"taxonomy":"category","embeddable":true,"href":"https:\/\/notinor.com\/jujuy\/wp-json\/wp\/v2\/categories?post=229249"},{"taxonomy":"post_tag","embeddable":true,"href":"https:\/\/notinor.com\/jujuy\/wp-json\/wp\/v2\/tags?post=229249"}],"curies":[{"name":"wp","href":"https:\/\/api.w.org\/{rel}","templated":true}]}}