{"id":229245,"date":"2020-02-07T17:36:02","date_gmt":"2020-02-07T20:36:02","guid":{"rendered":"http:\/\/notinor.com\/jujuy\/?p=229245"},"modified":"2020-02-07T17:36:07","modified_gmt":"2020-02-07T20:36:07","slug":"los-beneficiarios-deben-realizar-el-proceso-de-activacion-que-regira-durante-el-ano-2020","status":"publish","type":"post","link":"https:\/\/notinor.com\/jujuy\/los-beneficiarios-deben-realizar-el-proceso-de-activacion-que-regira-durante-el-ano-2020\/","title":{"rendered":"Los beneficiarios deben realizar el proceso de activaci\u00f3n que regir\u00e1 durante el a\u00f1o 2020"},"content":{"rendered":"\n<figure class=\"wp-block-image\"><img decoding=\"async\" loading=\"lazy\" width=\"694\" height=\"480\" src=\"http:\/\/notinor.com\/jujuy\/wp-content\/uploads\/2020\/02\/Pases-Libres-2-1024x709-694x480.jpeg\" alt=\"\" class=\"wp-image-229247\" srcset=\"https:\/\/notinor.com\/jujuy\/wp-content\/uploads\/2020\/02\/Pases-Libres-2-1024x709-694x480.jpeg 694w, https:\/\/notinor.com\/jujuy\/wp-content\/uploads\/2020\/02\/Pases-Libres-2-1024x709-527x365.jpeg 527w, https:\/\/notinor.com\/jujuy\/wp-content\/uploads\/2020\/02\/Pases-Libres-2-1024x709.jpeg 750w\" sizes=\"(max-width: 694px) 100vw, 694px\" \/><\/figure>\n\n\n\n<p class=\"has-background has-vivid-cyan-blue-background-color\"><strong>Se inform\u00f3 a los beneficiarios de Pases Libres, personas con discapacidad, adultos mayores de 70 a\u00f1os y veteranos de guerra, que concretaron el tr\u00e1mite de re-empadronamiento en el mes de noviembre del 2019, que deben realizar a partir del lunes 10 de febrero el proceso de activaci\u00f3n en la Tarjeta SUBE y gozar del beneficio durante el a\u00f1o 2020.<\/strong><\/p>\n\n\n\n<p>Con m\u00e1s precisi\u00f3n, el titular de la direcci\u00f3n de\nInform\u00e1tica, dependiente de la secretar\u00eda de Hacienda de la Municipalidad de\nSan Salvador de Jujuy, Orlando Tache, invit\u00f3 a los beneficiarios a concurrir a\nlas diferentes Unidades de Gesti\u00f3n SUBE para que impacte el nuevo beneficio. El\ntr\u00e1mite iniciar\u00e1 a partir del lunes 10 de febrero hasta el viernes 14, fecha en\nque caduca el beneficio 2019.<\/p>\n\n\n\n<p>Al referirse al proceso de activaci\u00f3n expres\u00f3 que \u201ces muy\nsencillo puesto que consiste en simplemente apoyar la tarjeta en una TAS\n(Terminal Autom\u00e1tica de Servicio) hasta que \u00e9sta indique que se puede retirar\nla tarjeta. El procedimiento solo lleva unos segundos y les permitir\u00e1 seguir\ngozando del beneficio por todo el a\u00f1o 2020\u201d.<\/p>\n\n\n\n<p>Sitios donde se podr\u00e1 activar el beneficio<\/p>\n\n\n\n<p>En este sentido, nombro las UGS (Unidades de Gesti\u00f3n SUBE)\npara activar el beneficio:<\/p>\n\n\n\n<p>Direcci\u00f3n de Educaci\u00f3n (Tumusla 625 \u2013 Barrio Lujan) en los\nhorarios de 8 a 12 y de 14 a 18.<\/p>\n\n\n\n<p>Municipalidad de San Salvador de Jujuy (\u00c9xodo 215) de 7 a 19\nhs.<\/p>\n\n\n\n<p>CIC Alberdi (Alberro esq. M\u00e1rmol \u2013 Barrio Alberdi) de 8 a 18\nhs.<\/p>\n\n\n\n<p>CPV 12 de Octubre (9 de Julio 4600 \u2013 Barrio 12 de Octubre)\nde 8 a 18hs.<\/p>\n\n\n\n<p>CPV Santa Ana (Krausse y Ttte de la Colina \u2013 Barrio Alto\nComedero) de 8 a 18 hs.<\/p>\n\n\n\n<p>Delegaci\u00f3n de Reyes (Jorge Cafrune 1561 \u2013 Reyes) de 8 a 18\nhs.<\/p>\n\n\n\n<p>Delegaci\u00f3n de Alto Comedero (Av. Forestal esq. Mina 9 de\nOctubre) de 8 a 18 hs.<\/p>\n\n\n\n<p>CPV Chijra (Llamas esq. Manantiales) de 8 a 18 hs.<\/p>\n\n\n\n<p>CPV Madre Teresa de Calcuta (Pampa Blanca esq. Av. Snopeck \u2013\nB6 Alto Comedero) de 8 a 18 hs.<\/p>\n\n\n\n<p>CPV Malvinas (Mej\u00edas esq. San Luis) de 8 a 18 hs.<\/p>\n\n\n\n<p>Direcci\u00f3n de Asistencia Directa (Almirante Brown esq. Oscar\nOrias) de 7 a 12 hs.<\/p>\n\n\n\n<p>Direcci\u00f3n General de Rentas (Av. Hip\u00f3lito Irigoyen 1328) de\n8 a 18 hs.<\/p>\n\n\n\n<p>Direcci\u00f3n de Pol\u00edticas P\u00fablicas de Adolescencia y Juventud\n(Santa Catalina 801 \u2013 Barrio Alto Gorriti) de 8 a 12 y de 14 a 18 horas.<\/p>\n\n\n\n<p>Por cualquier inconveniente y\/o en caso que todav\u00eda no\nrenovaron el PASE LIBRE, los beneficiarios deber\u00e1n acudir a las oficinas de\nAsistencia Directa de 7 a 12 hs cita en Almirante Brown esq. Oscar Orias.<\/p>\n","protected":false},"excerpt":{"rendered":"<p>Se inform\u00f3 a los beneficiarios de Pases Libres, personas con discapacidad, adultos mayores de 70 a\u00f1os y veteranos de guerra, que concretaron el tr\u00e1mite de re-empadronamiento en el mes de noviembre del 2019, que deben realizar a partir del lunes 10 de febrero el proceso de activaci\u00f3n en la Tarjeta SUBE y gozar del beneficio [&hellip;]<\/p>\n","protected":false},"author":5,"featured_media":229246,"comment_status":"open","ping_status":"open","sticky":false,"template":"","format":"standard","meta":{"_stopmodifiedupdate":false,"_modified_date":"","inline_featured_image":false,"spay_email":"","jetpack_publicize_message":""},"categories":[490],"tags":[],"jetpack_featured_media_url":"https:\/\/notinor.com\/jujuy\/wp-content\/uploads\/2020\/02\/Pases-Libres-1-1024x682.jpeg","jetpack_publicize_connections":[],"_links":{"self":[{"href":"https:\/\/notinor.com\/jujuy\/wp-json\/wp\/v2\/posts\/229245"}],"collection":[{"href":"https:\/\/notinor.com\/jujuy\/wp-json\/wp\/v2\/posts"}],"about":[{"href":"https:\/\/notinor.com\/jujuy\/wp-json\/wp\/v2\/types\/post"}],"author":[{"embeddable":true,"href":"https:\/\/notinor.com\/jujuy\/wp-json\/wp\/v2\/users\/5"}],"replies":[{"embeddable":true,"href":"https:\/\/notinor.com\/jujuy\/wp-json\/wp\/v2\/comments?post=229245"}],"version-history":[{"count":1,"href":"https:\/\/notinor.com\/jujuy\/wp-json\/wp\/v2\/posts\/229245\/revisions"}],"predecessor-version":[{"id":229248,"href":"https:\/\/notinor.com\/jujuy\/wp-json\/wp\/v2\/posts\/229245\/revisions\/229248"}],"wp:featuredmedia":[{"embeddable":true,"href":"https:\/\/notinor.com\/jujuy\/wp-json\/wp\/v2\/media\/229246"}],"wp:attachment":[{"href":"https:\/\/notinor.com\/jujuy\/wp-json\/wp\/v2\/media?parent=229245"}],"wp:term":[{"taxonomy":"category","embeddable":true,"href":"https:\/\/notinor.com\/jujuy\/wp-json\/wp\/v2\/categories?post=229245"},{"taxonomy":"post_tag","embeddable":true,"href":"https:\/\/notinor.com\/jujuy\/wp-json\/wp\/v2\/tags?post=229245"}],"curies":[{"name":"wp","href":"https:\/\/api.w.org\/{rel}","templated":true}]}}