{"id":229242,"date":"2020-02-07T17:30:27","date_gmt":"2020-02-07T20:30:27","guid":{"rendered":"http:\/\/notinor.com\/jujuy\/?p=229242"},"modified":"2020-02-07T17:30:32","modified_gmt":"2020-02-07T20:30:32","slug":"este-carnaval-la-propuesta-es-cuidar-el-ambiente","status":"publish","type":"post","link":"https:\/\/notinor.com\/jujuy\/este-carnaval-la-propuesta-es-cuidar-el-ambiente\/","title":{"rendered":"Este carnaval, la propuesta es cuidar el ambiente"},"content":{"rendered":"\n<figure class=\"wp-block-image\"><img decoding=\"async\" loading=\"lazy\" width=\"496\" height=\"480\" src=\"http:\/\/notinor.com\/jujuy\/wp-content\/uploads\/2020\/02\/puntos-verdes-1-1024x1024-496x480.jpeg\" alt=\"\" class=\"wp-image-229243\" srcset=\"https:\/\/notinor.com\/jujuy\/wp-content\/uploads\/2020\/02\/puntos-verdes-1-1024x1024-496x480.jpeg 496w, https:\/\/notinor.com\/jujuy\/wp-content\/uploads\/2020\/02\/puntos-verdes-1-1024x1024-377x365.jpeg 377w, https:\/\/notinor.com\/jujuy\/wp-content\/uploads\/2020\/02\/puntos-verdes-1-1024x1024.jpeg 558w\" sizes=\"(max-width: 496px) 100vw, 496px\" \/><\/figure>\n\n\n\n<p class=\"has-background has-vivid-cyan-blue-background-color\"><strong>La Municipalidad de San Salvador de Jujuy instalar\u00e1 puntos verdes, donde los vecinos pueden acercarse con materiales como papeles, cart\u00f3n, latas, pl\u00e1sticos y otros que puedan ser reciclados. Adem\u00e1s se realizar\u00e1n campa\u00f1as de promoci\u00f3n y concientizaci\u00f3n con el fin de instruir a los ciudadanos a tomar conciencia ambiental.<\/strong><\/p>\n\n\n\n<p>Los tradicionales corsos capitalinos en su edici\u00f3n 2020\ntraen un condimento especial, ya que desde la organizaci\u00f3n buscan certificarlos\ncomo evento sustentable y amigable con el ambiente; as\u00ed lo explic\u00f3 Adriana\nD\u00edaz, sub secretaria de Planificaci\u00f3n, Desarrollo y Modernizaci\u00f3n.<\/p>\n\n\n\n<p>Al respecto, la funcionaria brind\u00f3 detalles de c\u00f3mo los\nvecinos que se acerquen a formar parte de esta gran convocatoria, pueden\ncontribuir al objetivo \u201cse van a colocar Puntos Verdes, al principio y al final\ndel recorrido de las comparsas, tambi\u00e9n habr\u00e1 uno atr\u00e1s del palco, para que\npuedan depositar todos aquellos materiales que puedan ser reciclados y\nrecuperados.<\/p>\n\n\n\n<p>Entre otras acciones, las comparsas al inscribirse, se\ncomprometieron a donar un \u00e1rbol o m\u00e1s, \u201cya tenemos y hemos trasladado varios a\nla delegaci\u00f3n de Alto Comedero\u201d, coment\u00f3.<\/p>\n\n\n\n<p>Finalmente explic\u00f3 que se va a realizar educaci\u00f3n y\npromoci\u00f3n ambiental con parte del equipo municipal, que va a estar recorriendo\nel lugar durante las noches de corsos, \u201cinvitamos a todos participar, a crear\nconciencia y difundir normas pr\u00e1cticas para el cuidado del ambiente\u201d, concluy\u00f3\nD\u00edaz.<\/p>\n","protected":false},"excerpt":{"rendered":"<p>La Municipalidad de San Salvador de Jujuy instalar\u00e1 puntos verdes, donde los vecinos pueden acercarse con materiales como papeles, cart\u00f3n, latas, pl\u00e1sticos y otros que puedan ser reciclados. Adem\u00e1s se realizar\u00e1n campa\u00f1as de promoci\u00f3n y concientizaci\u00f3n con el fin de instruir a los ciudadanos a tomar conciencia ambiental. Los tradicionales corsos capitalinos en su edici\u00f3n [&hellip;]<\/p>\n","protected":false},"author":5,"featured_media":229243,"comment_status":"open","ping_status":"open","sticky":false,"template":"","format":"standard","meta":{"_stopmodifiedupdate":false,"_modified_date":"","inline_featured_image":false,"spay_email":"","jetpack_publicize_message":""},"categories":[490],"tags":[],"jetpack_featured_media_url":"https:\/\/notinor.com\/jujuy\/wp-content\/uploads\/2020\/02\/puntos-verdes-1-1024x1024.jpeg","jetpack_publicize_connections":[],"_links":{"self":[{"href":"https:\/\/notinor.com\/jujuy\/wp-json\/wp\/v2\/posts\/229242"}],"collection":[{"href":"https:\/\/notinor.com\/jujuy\/wp-json\/wp\/v2\/posts"}],"about":[{"href":"https:\/\/notinor.com\/jujuy\/wp-json\/wp\/v2\/types\/post"}],"author":[{"embeddable":true,"href":"https:\/\/notinor.com\/jujuy\/wp-json\/wp\/v2\/users\/5"}],"replies":[{"embeddable":true,"href":"https:\/\/notinor.com\/jujuy\/wp-json\/wp\/v2\/comments?post=229242"}],"version-history":[{"count":1,"href":"https:\/\/notinor.com\/jujuy\/wp-json\/wp\/v2\/posts\/229242\/revisions"}],"predecessor-version":[{"id":229244,"href":"https:\/\/notinor.com\/jujuy\/wp-json\/wp\/v2\/posts\/229242\/revisions\/229244"}],"wp:featuredmedia":[{"embeddable":true,"href":"https:\/\/notinor.com\/jujuy\/wp-json\/wp\/v2\/media\/229243"}],"wp:attachment":[{"href":"https:\/\/notinor.com\/jujuy\/wp-json\/wp\/v2\/media?parent=229242"}],"wp:term":[{"taxonomy":"category","embeddable":true,"href":"https:\/\/notinor.com\/jujuy\/wp-json\/wp\/v2\/categories?post=229242"},{"taxonomy":"post_tag","embeddable":true,"href":"https:\/\/notinor.com\/jujuy\/wp-json\/wp\/v2\/tags?post=229242"}],"curies":[{"name":"wp","href":"https:\/\/api.w.org\/{rel}","templated":true}]}}