{"id":229237,"date":"2020-02-07T17:12:39","date_gmt":"2020-02-07T20:12:39","guid":{"rendered":"http:\/\/notinor.com\/jujuy\/?p=229237"},"modified":"2020-02-07T17:12:44","modified_gmt":"2020-02-07T20:12:44","slug":"gerardo-morales-este-ano-fabricaremos-el-primer-aceite-de-cannabis-medicinal","status":"publish","type":"post","link":"https:\/\/notinor.com\/jujuy\/gerardo-morales-este-ano-fabricaremos-el-primer-aceite-de-cannabis-medicinal\/","title":{"rendered":"Gerardo Morales: \u201ceste a\u00f1o fabricaremos el primer aceite de cannabis medicinal\u201d"},"content":{"rendered":"\n<figure class=\"wp-block-image\"><img decoding=\"async\" loading=\"lazy\" width=\"721\" height=\"480\" src=\"http:\/\/notinor.com\/jujuy\/wp-content\/uploads\/2020\/02\/charla-1024x682-721x480.jpg\" alt=\"\" class=\"wp-image-229239\" srcset=\"https:\/\/notinor.com\/jujuy\/wp-content\/uploads\/2020\/02\/charla-1024x682-721x480.jpg 721w, https:\/\/notinor.com\/jujuy\/wp-content\/uploads\/2020\/02\/charla-1024x682-549x365.jpg 549w, https:\/\/notinor.com\/jujuy\/wp-content\/uploads\/2020\/02\/charla-1024x682-400x266.jpg 400w, https:\/\/notinor.com\/jujuy\/wp-content\/uploads\/2020\/02\/charla-1024x682.jpg 750w\" sizes=\"(max-width: 721px) 100vw, 721px\" \/><\/figure>\n\n\n\n<p class=\"has-background has-vivid-cyan-blue-background-color\"><strong>El mandatario provincial se\u00f1al\u00f3 que \u201cJujuy est\u00e1 generando un hito en este tipo de producci\u00f3n, que no solo atiende la salud, sino tambi\u00e9n se constituye en una alternativa de diversificaci\u00f3n productiva\u201d.<\/strong><\/p>\n\n\n\n<p>Acompa\u00f1ado por los responsables del proyecto, recorri\u00f3 la\nzona n\u00facleo de producci\u00f3n: en primer lugar la c\u00e1mara de germinaci\u00f3n, luego se\ndirigi\u00f3 a la zona de invernaderos y posteriormente recorri\u00f3 el predio que ser\u00e1\nocupado en el futuro por otros invernaderos y ensayos a campo abierto.<\/p>\n\n\n\n<p>Finalmente recibi\u00f3 un informe t\u00e9cnico del laboratorio y el\nm\u00f3dulo de investigaci\u00f3n y desarrollo que comenzar\u00e1n a construirse en los\nproximos meses.<\/p>\n\n\n\n<p>Tras el recorrido Morales indic\u00f3 que Jujuy es la primer\nprovincia del pa\u00eds en abordar en forma institucional el fen\u00f3meno cient\u00edfico y\nmedicinal del cannabis y adem\u00e1s de eso est\u00e1 trabajando en el desarrollo cient\u00edfico\ny tecnol\u00f3gico de sus derivados: \u201cEste es uno de los proyectos emblem\u00e1ticos de\nla provincia\u201d, afirm\u00f3.<\/p>\n\n\n\n<p>El gobernador se\u00f1al\u00f3 adem\u00e1s que \u201cel proyecto est\u00e1 avanzando\nbastante bien, destacando que ya est\u00e1n funcionando dos invernaderos y se van a\ninstalar otros m\u00e1s. Es un proyecto inicial que prev\u00e9 35 hect\u00e1reas\u201d.<\/p>\n\n\n\n<p>Seguridad<\/p>\n\n\n\n<p>Sobre este tema el gobernador dijo que&nbsp; \u201ctenemos presencia policial permanente\ncon&nbsp; 14 efectivos por turno. \u201cSe instal\u00f3\nun sistema de seguridad importante con c\u00e1maras de seguridad, alarmas\nperimetrales, un destacamento especial de la policial con un monitoreo\nimportante de las fuerzas de seguridad nacionales, a lo que se le debe agregar\nlas correspondientes autorizaciones del INTA, Ministerio de Salud, el Instituto\nNacional de la Semilla (INASE) y otros organismos nacionales que dieron el\nvisto bueno a la iniciativa\u201d, coment\u00f3.<\/p>\n\n\n\n<p>Anticipo<\/p>\n\n\n\n<p>El gobernador luego adelanto que ya est\u00e1 previsto el\nfinanciamiento para la construcci\u00f3n del laboratorio de extracci\u00f3n de aceite\nmedicinal, con visto bueno t\u00e9cnico de ANMAT, por lo que se puede estimar que en\nel segundo semestre se comenzar\u00e1 a fabricar en Jujuy el primer aceite de\ncannabis de grado m\u00e9dico de la Rep\u00fablica Argentina.<\/p>\n\n\n\n<p>Zona Franca<\/p>\n\n\n\n<p>El gobernador record\u00f3 que la idea es instalar un&nbsp; laboratorio en la Zona Franca de Perico y\nest\u00e1 previsto construir un m\u00f3dulo especial en finca el pongo para la\ninvestigaci\u00f3n cient\u00edfica y desarrollo de tecnolog\u00eda.<\/p>\n\n\n\n<p>Por su parte Gast\u00f3n Morales afirm\u00f3 que \u201cEl alcance de este\nproyecto, que tiene tanto vinculaci\u00f3n con la parte agr\u00edcola y c\u00f3mo con el\nproceso de industrializaci\u00f3n, perfila a la iniciativa como el primer proyecto\nde biotecnolog\u00eda de la provincia de Jujuy\u201d, dijo el titular de Cannava S.E.<\/p>\n\n\n\n<figure class=\"wp-block-image\"><img decoding=\"async\" loading=\"lazy\" width=\"720\" height=\"480\" src=\"http:\/\/notinor.com\/jujuy\/wp-content\/uploads\/2020\/02\/charla-1024x682-1-720x480.jpg\" alt=\"\" class=\"wp-image-229240\" srcset=\"https:\/\/notinor.com\/jujuy\/wp-content\/uploads\/2020\/02\/charla-1024x682-1-720x480.jpg 720w, https:\/\/notinor.com\/jujuy\/wp-content\/uploads\/2020\/02\/charla-1024x682-1-548x365.jpg 548w, https:\/\/notinor.com\/jujuy\/wp-content\/uploads\/2020\/02\/charla-1024x682-1.jpg 750w, https:\/\/notinor.com\/jujuy\/wp-content\/uploads\/2020\/02\/charla-1024x682-1-400x266.jpg 400w\" sizes=\"(max-width: 720px) 100vw, 720px\" \/><\/figure>\n","protected":false},"excerpt":{"rendered":"<p>El mandatario provincial se\u00f1al\u00f3 que \u201cJujuy est\u00e1 generando un hito en este tipo de producci\u00f3n, que no solo atiende la salud, sino tambi\u00e9n se constituye en una alternativa de diversificaci\u00f3n productiva\u201d. Acompa\u00f1ado por los responsables del proyecto, recorri\u00f3 la zona n\u00facleo de producci\u00f3n: en primer lugar la c\u00e1mara de germinaci\u00f3n, luego se dirigi\u00f3 a la [&hellip;]<\/p>\n","protected":false},"author":5,"featured_media":229238,"comment_status":"open","ping_status":"open","sticky":false,"template":"","format":"standard","meta":{"_stopmodifiedupdate":false,"_modified_date":"","inline_featured_image":false,"spay_email":"","jetpack_publicize_message":""},"categories":[2],"tags":[],"jetpack_featured_media_url":"https:\/\/notinor.com\/jujuy\/wp-content\/uploads\/2020\/02\/cavanna-1024x682.jpg","jetpack_publicize_connections":[],"_links":{"self":[{"href":"https:\/\/notinor.com\/jujuy\/wp-json\/wp\/v2\/posts\/229237"}],"collection":[{"href":"https:\/\/notinor.com\/jujuy\/wp-json\/wp\/v2\/posts"}],"about":[{"href":"https:\/\/notinor.com\/jujuy\/wp-json\/wp\/v2\/types\/post"}],"author":[{"embeddable":true,"href":"https:\/\/notinor.com\/jujuy\/wp-json\/wp\/v2\/users\/5"}],"replies":[{"embeddable":true,"href":"https:\/\/notinor.com\/jujuy\/wp-json\/wp\/v2\/comments?post=229237"}],"version-history":[{"count":1,"href":"https:\/\/notinor.com\/jujuy\/wp-json\/wp\/v2\/posts\/229237\/revisions"}],"predecessor-version":[{"id":229241,"href":"https:\/\/notinor.com\/jujuy\/wp-json\/wp\/v2\/posts\/229237\/revisions\/229241"}],"wp:featuredmedia":[{"embeddable":true,"href":"https:\/\/notinor.com\/jujuy\/wp-json\/wp\/v2\/media\/229238"}],"wp:attachment":[{"href":"https:\/\/notinor.com\/jujuy\/wp-json\/wp\/v2\/media?parent=229237"}],"wp:term":[{"taxonomy":"category","embeddable":true,"href":"https:\/\/notinor.com\/jujuy\/wp-json\/wp\/v2\/categories?post=229237"},{"taxonomy":"post_tag","embeddable":true,"href":"https:\/\/notinor.com\/jujuy\/wp-json\/wp\/v2\/tags?post=229237"}],"curies":[{"name":"wp","href":"https:\/\/api.w.org\/{rel}","templated":true}]}}