{"id":229232,"date":"2020-02-07T17:00:29","date_gmt":"2020-02-07T20:00:29","guid":{"rendered":"http:\/\/notinor.com\/jujuy\/?p=229232"},"modified":"2020-02-07T17:00:34","modified_gmt":"2020-02-07T20:00:34","slug":"reunion-para-abordar-la-seguridad-de-los-taxistas","status":"publish","type":"post","link":"https:\/\/notinor.com\/jujuy\/reunion-para-abordar-la-seguridad-de-los-taxistas\/","title":{"rendered":"Reuni\u00f3n para abordar la seguridad de los taxistas"},"content":{"rendered":"\n<figure class=\"wp-block-image\"><img decoding=\"async\" loading=\"lazy\" width=\"750\" height=\"474\" src=\"http:\/\/notinor.com\/jujuy\/wp-content\/uploads\/2020\/02\/Reunion-1.jpg\" alt=\"\" class=\"wp-image-229233\" srcset=\"https:\/\/notinor.com\/jujuy\/wp-content\/uploads\/2020\/02\/Reunion-1.jpg 750w, https:\/\/notinor.com\/jujuy\/wp-content\/uploads\/2020\/02\/Reunion-1-578x365.jpg 578w\" sizes=\"(max-width: 750px) 100vw, 750px\" \/><\/figure>\n\n\n\n<p class=\"has-background has-vivid-cyan-blue-background-color\"><strong>Concejales capitalinos se reunieron con el Jefe de la Polic\u00eda de Jujuy, integrantes del Ministerio de Seguridad y taxistas, con el objetivo de hablar en referencia a cuestiones relacionadas con la seguridad de los trabajadores del volante.<\/strong><\/p>\n\n\n\n<p>La reuni\u00f3n se llev\u00f3 a cabo este viernes por la ma\u00f1ana, en la\nsala de reuniones de la Central de Polic\u00eda, ubicada en la Avenida Santib\u00e1\u00f1ez\nN\u00ba1372. Participaron el presidente del Concejo Deliberante, Lisandro Aguiar, la\nconcejal Patricia Moya; el Jefe de la Polic\u00eda, Comisario General Juan Segovia;\nel Secretario de Coordinaci\u00f3n con la Comunidad, Guillermo Corro; el Secretario\nde Seguridad Vial, Juan Marenco y el representante de la C\u00e1mara de Conductores\nde Taxis, Miguel Quiroga, quien estuvo acompa\u00f1ado por integrantes de la\ninstituci\u00f3n.<\/p>\n\n\n\n<p>Finalizado el encuentro, Lisandro Aguiar afirm\u00f3 que \"el\nencuentro fue muy importante, participaron una parte del sector de los taxistas\ny acordamos trabajar en conjunto en cuestiones que tienen que ver con la\nseguridad de ellos&nbsp; en horario nocturno,\nanalizar cada una de las problem\u00e1ticas para buscar soluciones\".<\/p>\n\n\n\n<p>Seguidamente agreg\u00f3 que \"se present\u00f3 un aplicativo que\nlos taxistas no conoc\u00edan, es un importante desarrollo tecnol\u00f3gico que tiene la\npolic\u00eda de la provincia, que sirve&nbsp; para\npoder comunicarse a trav\u00e9s de los tel\u00e9fonos celulares al 911. Se inici\u00f3 un\nproceso de trabajo en conjunto realmente importante, que es muy gratificante,\ntanto para el sector del taxi como para la Municipalidad de San Salvador de\nJujuy y para el gobierno de la provincia\".<\/p>\n\n\n\n<p>Por su parte, el Secretario de Coordinaci\u00f3n con la\nComunidad, Guillermo Corro, destac\u00f3 que \"analizamos y pusimos en la mesa\ncuestiones de seguridad, acordamos con el presidente del deliberante concretar\npr\u00f3ximas reuniones para hablar sobre una aplicaci\u00f3n que el Ministerio de\nSeguridad a dise\u00f1ado hace un tiempo y buscar otras soluciones para la seguridad\nde los trabajadores del volante. Escuchamos m\u00e1s que nada posturas de los\ntrabajadores\".<\/p>\n\n\n\n<p>A su turno, el Comisario General Juan Segovia, manifest\u00f3 que\n\"hay una serie de puntos que se han planteado, entre estos est\u00e1 el bot\u00f3n\nanti p\u00e1nico, las aplicaciones por internet que est\u00e1 al alcance en estos\nmomentos\".<\/p>\n\n\n\n<p>Adem\u00e1s, agreg\u00f3 que \"pudimos recabar todas las\ninquietudes de los conductores de taxi y en base a eso vamos a dise\u00f1ar y\ndiagramar los servicios para brindarles seguridad a la gente que trabaja en\nesta profesi\u00f3n\".<\/p>\n\n\n\n<p>Por \u00faltimo, Miguel Quiroga, representantes de los C\u00e1mara de\nConductores de Taxi, resalt\u00f3 la buena predisposici\u00f3n de la&nbsp; reuni\u00f3n, \"esto nos ayuda para trabajar\ntranquilos a la noche. Nos recibieron con muy buena predisposici\u00f3n del gobierno\npara poder solucionar el problema que tenemos d\u00eda a d\u00eda, nos vamos realmente\ncontentos. Sabemos que a partir de la semana que viene nos podemos sentir m\u00e1s\nprotegidos por los avances que hablamos ac\u00e1 con los funcionarios\".<\/p>\n\n\n\n<figure class=\"wp-block-image\"><img decoding=\"async\" loading=\"lazy\" width=\"750\" height=\"421\" src=\"http:\/\/notinor.com\/jujuy\/wp-content\/uploads\/2020\/02\/Reunion3.jpg\" alt=\"\" class=\"wp-image-229235\" srcset=\"https:\/\/notinor.com\/jujuy\/wp-content\/uploads\/2020\/02\/Reunion3.jpg 750w, https:\/\/notinor.com\/jujuy\/wp-content\/uploads\/2020\/02\/Reunion3-500x280.jpg 500w, https:\/\/notinor.com\/jujuy\/wp-content\/uploads\/2020\/02\/Reunion3-650x365.jpg 650w\" sizes=\"(max-width: 750px) 100vw, 750px\" \/><\/figure>\n","protected":false},"excerpt":{"rendered":"<p>Concejales capitalinos se reunieron con el Jefe de la Polic\u00eda de Jujuy, integrantes del Ministerio de Seguridad y taxistas, con el objetivo de hablar en referencia a cuestiones relacionadas con la seguridad de los trabajadores del volante. La reuni\u00f3n se llev\u00f3 a cabo este viernes por la ma\u00f1ana, en la sala de reuniones de la [&hellip;]<\/p>\n","protected":false},"author":5,"featured_media":229234,"comment_status":"open","ping_status":"open","sticky":false,"template":"","format":"standard","meta":{"_stopmodifiedupdate":false,"_modified_date":"","inline_featured_image":false,"spay_email":"","jetpack_publicize_message":""},"categories":[490],"tags":[],"jetpack_featured_media_url":"https:\/\/notinor.com\/jujuy\/wp-content\/uploads\/2020\/02\/Reunion1-1.jpg","jetpack_publicize_connections":[],"_links":{"self":[{"href":"https:\/\/notinor.com\/jujuy\/wp-json\/wp\/v2\/posts\/229232"}],"collection":[{"href":"https:\/\/notinor.com\/jujuy\/wp-json\/wp\/v2\/posts"}],"about":[{"href":"https:\/\/notinor.com\/jujuy\/wp-json\/wp\/v2\/types\/post"}],"author":[{"embeddable":true,"href":"https:\/\/notinor.com\/jujuy\/wp-json\/wp\/v2\/users\/5"}],"replies":[{"embeddable":true,"href":"https:\/\/notinor.com\/jujuy\/wp-json\/wp\/v2\/comments?post=229232"}],"version-history":[{"count":1,"href":"https:\/\/notinor.com\/jujuy\/wp-json\/wp\/v2\/posts\/229232\/revisions"}],"predecessor-version":[{"id":229236,"href":"https:\/\/notinor.com\/jujuy\/wp-json\/wp\/v2\/posts\/229232\/revisions\/229236"}],"wp:featuredmedia":[{"embeddable":true,"href":"https:\/\/notinor.com\/jujuy\/wp-json\/wp\/v2\/media\/229234"}],"wp:attachment":[{"href":"https:\/\/notinor.com\/jujuy\/wp-json\/wp\/v2\/media?parent=229232"}],"wp:term":[{"taxonomy":"category","embeddable":true,"href":"https:\/\/notinor.com\/jujuy\/wp-json\/wp\/v2\/categories?post=229232"},{"taxonomy":"post_tag","embeddable":true,"href":"https:\/\/notinor.com\/jujuy\/wp-json\/wp\/v2\/tags?post=229232"}],"curies":[{"name":"wp","href":"https:\/\/api.w.org\/{rel}","templated":true}]}}