{"id":229220,"date":"2020-02-07T14:03:59","date_gmt":"2020-02-07T17:03:59","guid":{"rendered":"http:\/\/notinor.com\/jujuy\/?p=229220"},"modified":"2020-02-07T16:47:11","modified_gmt":"2020-02-07T19:47:11","slug":"continua-el-apoyo-a-la-liga-jujena-de-futbol","status":"publish","type":"post","link":"https:\/\/notinor.com\/jujuy\/continua-el-apoyo-a-la-liga-jujena-de-futbol\/","title":{"rendered":"Contin\u00faa el apoyo a la Liga Juje\u00f1a de F\u00fatbol"},"content":{"rendered":"\n<figure class=\"wp-block-image\"><img decoding=\"async\" loading=\"lazy\" width=\"720\" height=\"480\" src=\"http:\/\/notinor.com\/jujuy\/wp-content\/uploads\/2020\/02\/apoyo-720x480.jpg\" alt=\"\" class=\"wp-image-229230\" srcset=\"https:\/\/notinor.com\/jujuy\/wp-content\/uploads\/2020\/02\/apoyo-720x480.jpg 720w, https:\/\/notinor.com\/jujuy\/wp-content\/uploads\/2020\/02\/apoyo-548x365.jpg 548w, https:\/\/notinor.com\/jujuy\/wp-content\/uploads\/2020\/02\/apoyo.jpg 750w, https:\/\/notinor.com\/jujuy\/wp-content\/uploads\/2020\/02\/apoyo-400x266.jpg 400w\" sizes=\"(max-width: 720px) 100vw, 720px\" \/><\/figure>\n\n\n\n<p class=\"has-background has-vivid-cyan-blue-background-color\"><strong>La Liga Juje\u00f1a de F\u00fatbol, fue sede de una reuni\u00f3n entre el Gobernador de la provincia, Gerardo Morales, e integrantes de la mencionada entidad. En la oportunidad, se ratific\u00f3 el compromiso de continuar trabajando en forma conjunta para garantizar el normal desenvolvimiento de los torneos regionales.<\/strong><\/p>\n\n\n\n<p>Acompa\u00f1aron al Mandatario provincial, el ministro de\nSeguridad, Ekel Meyer; el jefe de la Polic\u00eda, comisario general Guillermo\nCorro; el secretario de Seguridad P\u00fablica, Guillermo Tejerina; el secretario de\nDeportes y Recreaci\u00f3n, Hugo Flores; miembros de la Liga Juje\u00f1a de futbol y\nfuncionarios provinciales.<\/p>\n\n\n\n<p>En ese marco, Morales destac\u00f3 la unidad y acercamiento de\nlos miembros de la Liga para presentar inquietudes y requerimientos en materia\nsanitaria, seguridad e infraestructura, entre otros.<\/p>\n\n\n\n<p>Asimismo, el Gobernador sostuvo: \u00abTenemos el compromiso de\nayudarlos y fortalecer a todos los clubes\u00bb, e hizo \u00e9nfasis en el impacto social\ny contenci\u00f3n que tienen en toda la comunidad.<\/p>\n\n\n\n<p>Continuando, asegur\u00f3 que \u201cdesde el Estado provincial vamos a\nasegurar y poner a disposici\u00f3n todas las herramientas necesarias para los\nclubes\u00bb y record\u00f3 que, desde el a\u00f1o pasado, \u201chemos dispuesto el beneficio de la\ntarifa social para todos ellos\u00bb.<\/p>\n\n\n\n<p>En los pr\u00f3ximos meses vamos a retomar el tema de los\nsubsidios y continuaremos como hemos venido haciendo, apoy\u00e1ndolos por ejemplo\ncon el transporte para quienes tienen que viajar a torneo deportivos, explic\u00f3.<\/p>\n\n\n\n<p>Del mismo modo, detall\u00f3 que \u00abhay proyectos muy interesantes\npara la ampliaci\u00f3n de predios deportivos\u00bb, indic\u00f3 y afirm\u00f3 que \u00abla mejor manera\nde avanzar con todas las propuestas, es hacerlo juntos para un desarrollo\nimportante\u00bb.<\/p>\n\n\n\n<p>Finalmente, el Gobernador expres\u00f3 que se evaluar\u00e1 la\nposibilidad de reutilizar las canchas de la Tupac, predios cercanos a la Finca\nEl Pongo y otras tierras, para darles una nueva funci\u00f3n y utilidad, \u201cprefiero\nque est\u00e9n en manos de los clubes o vecinos\u201d, acot\u00f3.<\/p>\n\n\n\n<p>Respecto al tema de seguridad, Ekel Meyer, manifest\u00f3:\n\u00abTenemos toda la predisposici\u00f3n para garantizar la integridad y seguridad de\ntodos los que van a los espect\u00e1culos deportivos\u00bb.<\/p>\n\n\n\n<p>\u00abEs decisi\u00f3n del Gobierno de la provincia ayudar a los\nclubes con el costo de los adicionales de seguridad\u00bb, expres\u00f3, y agreg\u00f3: \u00abVamos\na continuar con el descuento del 50% del costo durante los espect\u00e1culos\ndeportivos\u00bb.<\/p>\n\n\n\n<p>Finalmente, el titular de la Liga Juje\u00f1a, Daniel Ju\u00e1rez,\nagradeci\u00f3 la voluntad y compromiso de la Provincia, \u00abpara escuchar nuestras\npropuestas y proyectos para que nuestra liga pueda seguir creciendo\u00bb.<\/p>\n","protected":false},"excerpt":{"rendered":"<p>La Liga Juje\u00f1a de F\u00fatbol, fue sede de una reuni\u00f3n entre el Gobernador de la provincia, Gerardo Morales, e integrantes de la mencionada entidad. En la oportunidad, se ratific\u00f3 el compromiso de continuar trabajando en forma conjunta para garantizar el normal desenvolvimiento de los torneos regionales. Acompa\u00f1aron al Mandatario provincial, el ministro de Seguridad, Ekel [&hellip;]<\/p>\n","protected":false},"author":5,"featured_media":229230,"comment_status":"open","ping_status":"open","sticky":false,"template":"","format":"standard","meta":{"_stopmodifiedupdate":false,"_modified_date":"","inline_featured_image":false,"spay_email":"","jetpack_publicize_message":""},"categories":[7],"tags":[],"jetpack_featured_media_url":"https:\/\/notinor.com\/jujuy\/wp-content\/uploads\/2020\/02\/apoyo.jpg","jetpack_publicize_connections":[],"_links":{"self":[{"href":"https:\/\/notinor.com\/jujuy\/wp-json\/wp\/v2\/posts\/229220"}],"collection":[{"href":"https:\/\/notinor.com\/jujuy\/wp-json\/wp\/v2\/posts"}],"about":[{"href":"https:\/\/notinor.com\/jujuy\/wp-json\/wp\/v2\/types\/post"}],"author":[{"embeddable":true,"href":"https:\/\/notinor.com\/jujuy\/wp-json\/wp\/v2\/users\/5"}],"replies":[{"embeddable":true,"href":"https:\/\/notinor.com\/jujuy\/wp-json\/wp\/v2\/comments?post=229220"}],"version-history":[{"count":2,"href":"https:\/\/notinor.com\/jujuy\/wp-json\/wp\/v2\/posts\/229220\/revisions"}],"predecessor-version":[{"id":229231,"href":"https:\/\/notinor.com\/jujuy\/wp-json\/wp\/v2\/posts\/229220\/revisions\/229231"}],"wp:featuredmedia":[{"embeddable":true,"href":"https:\/\/notinor.com\/jujuy\/wp-json\/wp\/v2\/media\/229230"}],"wp:attachment":[{"href":"https:\/\/notinor.com\/jujuy\/wp-json\/wp\/v2\/media?parent=229220"}],"wp:term":[{"taxonomy":"category","embeddable":true,"href":"https:\/\/notinor.com\/jujuy\/wp-json\/wp\/v2\/categories?post=229220"},{"taxonomy":"post_tag","embeddable":true,"href":"https:\/\/notinor.com\/jujuy\/wp-json\/wp\/v2\/tags?post=229220"}],"curies":[{"name":"wp","href":"https:\/\/api.w.org\/{rel}","templated":true}]}}