{"id":229189,"date":"2020-02-07T12:18:35","date_gmt":"2020-02-07T15:18:35","guid":{"rendered":"http:\/\/notinor.com\/jujuy\/?p=229189"},"modified":"2020-02-07T12:18:41","modified_gmt":"2020-02-07T15:18:41","slug":"los-miembros-del-jurado-se-reunieron-para-conocer-el-reglamento-de-la-organizacion","status":"publish","type":"post","link":"https:\/\/notinor.com\/jujuy\/los-miembros-del-jurado-se-reunieron-para-conocer-el-reglamento-de-la-organizacion\/","title":{"rendered":"Los miembros del jurado se reunieron para conocer el reglamento de la organizaci\u00f3n"},"content":{"rendered":"\n<figure class=\"wp-block-image\"><img decoding=\"async\" loading=\"lazy\" width=\"720\" height=\"480\" src=\"http:\/\/notinor.com\/jujuy\/wp-content\/uploads\/2020\/02\/corsos-capitalino-jurado-6-2-20-720x480.jpg\" alt=\"\" class=\"wp-image-229190\" srcset=\"https:\/\/notinor.com\/jujuy\/wp-content\/uploads\/2020\/02\/corsos-capitalino-jurado-6-2-20-720x480.jpg 720w, https:\/\/notinor.com\/jujuy\/wp-content\/uploads\/2020\/02\/corsos-capitalino-jurado-6-2-20-548x365.jpg 548w, https:\/\/notinor.com\/jujuy\/wp-content\/uploads\/2020\/02\/corsos-capitalino-jurado-6-2-20.jpg 750w, https:\/\/notinor.com\/jujuy\/wp-content\/uploads\/2020\/02\/corsos-capitalino-jurado-6-2-20-400x266.jpg 400w\" sizes=\"(max-width: 720px) 100vw, 720px\" \/><\/figure>\n\n\n\n<p class=\"has-background has-vivid-cyan-blue-background-color\"><strong>Los responsables de hacer cumplir los 35 art\u00edculos del mismo, evaluar\u00e1n a los participantes: pasos, coreograf\u00eda, coordinaci\u00f3n, expresi\u00f3n, vestuario, m\u00fasica, cantos y elaboraci\u00f3n de gorros y vestuario.<\/strong><\/p>\n\n\n\n<p>Como encargada de ordenar y fiscalizar el trabajo del\njurado, la direcci\u00f3n de Cultura y la de Turismo dieron a conocer a sus\nmiembros, en las oficina de la secretar\u00eda de Cultura y Turismo, el reglamento\ngeneral de la organizaci\u00f3n para hacerlo cumplir en todos sus t\u00e9rminos.<\/p>\n\n\n\n<p>Al respecto, la directora de Turismo, Gabriela Canoniero,\nexpres\u00f3 que \u201ccomo responsable de fiscalizar el trabajo de los miembros del\njurado es primordial que ellos conozcan la reglamentaci\u00f3n de la organizaci\u00f3n\nporque son los que tienen que hacerlo cumplir. A partir de ahora todos\nconocemos el reglamento\u201d enfatiz\u00f3 y resalt\u00f3 que \u201ca la hora de inscribirse los\nparticipantes se les present\u00f3 el mismo por lo que han aceptado las condiciones\ndel presente, en su totalidad\u201d.<\/p>\n\n\n\n<p>As\u00ed que la nueva edici\u00f3n de los Corsos Capitalinos 2020\ntendr\u00e1 como jurado a:<\/p>\n\n\n\n<p>-Mariana\nZarate<\/p>\n\n\n\n<p>-Marcos\nMealla<\/p>\n\n\n\n<p>-Tasha\nShantal Flowers<\/p>\n\n\n\n<p>-Juan Mancuso<\/p>\n\n\n\n<p>-Ana Revollo<\/p>\n\n\n\n<p>-Mariel Sadir<\/p>\n\n\n\n<p>-M\u00f3nica Montenegro<\/p>\n\n\n\n<p>-Agustina Orquera<\/p>\n\n\n\n<p>-Ariel Cortez<\/p>\n\n\n\n<p>-Jos\u00e9 Luis Costas Iba\u00f1ez<\/p>\n\n\n\n<p>-\u00c1ngel Fernando Vilca<\/p>\n\n\n\n<p>-Marcos Aaron<\/p>\n\n\n\n<p>-Soledad Zamora<\/p>\n\n\n\n<p>-Marcelo Reinaga<\/p>\n\n\n\n<p>-Ana Laura G\u00f3mez<\/p>\n\n\n\n<p>-Juan Mar\u00eda Neugues<\/p>\n\n\n\n<p>-In\u00e9s Torres<\/p>\n\n\n\n<p>-Nuria Romano<\/p>\n\n\n\n<p>-Marcela Noemi Velazquez<\/p>\n\n\n\n<p>Seguidamente se\u00f1al\u00f3 que la direcci\u00f3n de Cultura de la comuna\n\u201cdesign\u00f3 cinco miembros diferentes en cada d\u00eda de desfile, los cuales deber\u00e1n\nevaluar los pasos, coreograf\u00eda, coordinaci\u00f3n, expresi\u00f3n, vestuario, m\u00fasica,\ncantos y elaboraci\u00f3n de gorros y vestuarios\u201d.<\/p>\n\n\n\n<p>Para finalizar, la directora de Turismo puntualiz\u00f3 que \u201clas\ncomparsas al momento de entrar al cors\u00f3dromo, no podr\u00e1n iniciar sus bailes si\nno cuentan con el m\u00ednimo de 30 bailarines, algo establecido en el reglamento y\nque ser\u00e1 controlado por el comisario general de corsos\u201d.<\/p>\n","protected":false},"excerpt":{"rendered":"<p>Los responsables de hacer cumplir los 35 art\u00edculos del mismo, evaluar\u00e1n a los participantes: pasos, coreograf\u00eda, coordinaci\u00f3n, expresi\u00f3n, vestuario, m\u00fasica, cantos y elaboraci\u00f3n de gorros y vestuario. Como encargada de ordenar y fiscalizar el trabajo del jurado, la direcci\u00f3n de Cultura y la de Turismo dieron a conocer a sus miembros, en las oficina de [&hellip;]<\/p>\n","protected":false},"author":5,"featured_media":229190,"comment_status":"open","ping_status":"open","sticky":false,"template":"","format":"standard","meta":{"_stopmodifiedupdate":false,"_modified_date":"","inline_featured_image":false,"spay_email":"","jetpack_publicize_message":""},"categories":[490],"tags":[],"jetpack_featured_media_url":"https:\/\/notinor.com\/jujuy\/wp-content\/uploads\/2020\/02\/corsos-capitalino-jurado-6-2-20.jpg","jetpack_publicize_connections":[],"_links":{"self":[{"href":"https:\/\/notinor.com\/jujuy\/wp-json\/wp\/v2\/posts\/229189"}],"collection":[{"href":"https:\/\/notinor.com\/jujuy\/wp-json\/wp\/v2\/posts"}],"about":[{"href":"https:\/\/notinor.com\/jujuy\/wp-json\/wp\/v2\/types\/post"}],"author":[{"embeddable":true,"href":"https:\/\/notinor.com\/jujuy\/wp-json\/wp\/v2\/users\/5"}],"replies":[{"embeddable":true,"href":"https:\/\/notinor.com\/jujuy\/wp-json\/wp\/v2\/comments?post=229189"}],"version-history":[{"count":1,"href":"https:\/\/notinor.com\/jujuy\/wp-json\/wp\/v2\/posts\/229189\/revisions"}],"predecessor-version":[{"id":229191,"href":"https:\/\/notinor.com\/jujuy\/wp-json\/wp\/v2\/posts\/229189\/revisions\/229191"}],"wp:featuredmedia":[{"embeddable":true,"href":"https:\/\/notinor.com\/jujuy\/wp-json\/wp\/v2\/media\/229190"}],"wp:attachment":[{"href":"https:\/\/notinor.com\/jujuy\/wp-json\/wp\/v2\/media?parent=229189"}],"wp:term":[{"taxonomy":"category","embeddable":true,"href":"https:\/\/notinor.com\/jujuy\/wp-json\/wp\/v2\/categories?post=229189"},{"taxonomy":"post_tag","embeddable":true,"href":"https:\/\/notinor.com\/jujuy\/wp-json\/wp\/v2\/tags?post=229189"}],"curies":[{"name":"wp","href":"https:\/\/api.w.org\/{rel}","templated":true}]}}