{"id":229117,"date":"2020-02-06T15:27:44","date_gmt":"2020-02-06T18:27:44","guid":{"rendered":"http:\/\/notinor.com\/jujuy\/?p=229117"},"modified":"2020-02-06T15:27:49","modified_gmt":"2020-02-06T18:27:49","slug":"paseo-de-los-enamorados-en-el-anfiteatro-las-lavanderas-del-parque-xibi-xibi","status":"publish","type":"post","link":"https:\/\/notinor.com\/jujuy\/paseo-de-los-enamorados-en-el-anfiteatro-las-lavanderas-del-parque-xibi-xibi\/","title":{"rendered":"\u201cPaseo de los Enamorados\u201d en el anfiteatro Las Lavanderas del parque Xibi Xibi"},"content":{"rendered":"\n<figure class=\"wp-block-image\"><img decoding=\"async\" loading=\"lazy\" width=\"720\" height=\"480\" src=\"http:\/\/notinor.com\/jujuy\/wp-content\/uploads\/2020\/02\/ENAMORADOS-720x480.jpg\" alt=\"\" class=\"wp-image-229118\" srcset=\"https:\/\/notinor.com\/jujuy\/wp-content\/uploads\/2020\/02\/ENAMORADOS-720x480.jpg 720w, https:\/\/notinor.com\/jujuy\/wp-content\/uploads\/2020\/02\/ENAMORADOS-548x365.jpg 548w, https:\/\/notinor.com\/jujuy\/wp-content\/uploads\/2020\/02\/ENAMORADOS.jpg 750w, https:\/\/notinor.com\/jujuy\/wp-content\/uploads\/2020\/02\/ENAMORADOS-400x266.jpg 400w\" sizes=\"(max-width: 720px) 100vw, 720px\" \/><\/figure>\n\n\n\n<p class=\"has-background has-vivid-cyan-blue-background-color\"><strong>El Intendente de San Salvador de Jujuy, Arq. Ra\u00fal \u201cChuli\u201d Jorge junto al Presidente del Concejo Deliberante de la ciudad, Lisando Aguiar y la directora general de Desarrollo Familiar, Rosina Garrido, dependiente de la secretar\u00eda de Desarrollo Humano; invitaron a la familia y enamorados a participar del festival conmemorando el D\u00eda de San Valent\u00edn, el pr\u00f3ximo 14 de febrero en el Anfiteatro Las Lavanderas, de 18 a 21 horas y disfrutar de una tarde de espect\u00e1culos musicales, karaokes, mates y bailes.<\/strong><\/p>\n\n\n\n<p>Luego de la invitaci\u00f3n, el Intendente Jorge hizo alusi\u00f3n a\nque el municipio en forma incipiente considera el D\u00eda San Valent\u00edn como la\nposibilidad de convocatorias participativas, democr\u00e1ticas, amigables y que de\nalguna manera acercan a los vecinos a m\u00faltiples expresiones festivas,\n\u201crealizados en espacios de libertad que se han ido construyendo como la fuente\nde los enamorados y el Parque Xibi Xibi; lugares que posibilitan la\nconcentraci\u00f3n, integraci\u00f3n y participaci\u00f3n colectiva\u201d.<\/p>\n\n\n\n<p>Por tal motivo, invit\u00f3 a los vecinos a participar del evento\n\u201cPaseo de los Enamorados\u201da realizarse el viernes 14 de 18 a 21 horas en el\nAnfiteatro de Las Lavanderas; \u201ccon alternativas diferentes de actividades y una\nmovida para los enamorados de la vida, de la familia, de sus hijos; que nos\npermite \u00e9sta modernidad donde se ponen en valor al amor\u201d.<\/p>\n\n\n\n<p>Prosigui\u00f3 Lisandro Aguiar, quien rememor\u00f3 la aprobaci\u00f3n de\nla Ordenanza 7340\/2019 de la concejal Mar\u00eda Gal\u00e1n por la cual se establece para\nel d\u00eda de los enamorados, conmemorar ese d\u00eda llevando adelante tareas de\nconcientizaci\u00f3n contra las violencias de cualquier \u00edndole. En este marco se\nacompa\u00f1ar\u00e1 al Ejecutivo Municipal con espect\u00e1culos de karaoke y diferentes\nactividades.<\/p>\n\n\n\n<p>Luego, Rosina Garrido, amplio la invitaci\u00f3n diciendo que se\nbrindar\u00e1 una tarde recreativa para compartir y celebrar el d\u00eda de San Valent\u00edn,\n\u201cel d\u00eda de los enamorados, se disfrutar\u00e1 de espect\u00e1culos musicales; karaoke; la\npresencia de asociaciones gauchas; degustaci\u00f3n de mates, dulces y mediante la\npresencia de instituciones provinciales se entregar\u00e1n folleter\u00eda con temas\npreventivos y promoviendo la concientizaci\u00f3n\/ prevenci\u00f3n de los casos.\u201c<\/p>\n","protected":false},"excerpt":{"rendered":"<p>El Intendente de San Salvador de Jujuy, Arq. Ra\u00fal \u201cChuli\u201d Jorge junto al Presidente del Concejo Deliberante de la ciudad, Lisando Aguiar y la directora general de Desarrollo Familiar, Rosina Garrido, dependiente de la secretar\u00eda de Desarrollo Humano; invitaron a la familia y enamorados a participar del festival conmemorando el D\u00eda de San Valent\u00edn, el [&hellip;]<\/p>\n","protected":false},"author":5,"featured_media":229118,"comment_status":"open","ping_status":"open","sticky":false,"template":"","format":"standard","meta":{"_stopmodifiedupdate":false,"_modified_date":"","inline_featured_image":false,"spay_email":"","jetpack_publicize_message":""},"categories":[490],"tags":[],"jetpack_featured_media_url":"https:\/\/notinor.com\/jujuy\/wp-content\/uploads\/2020\/02\/ENAMORADOS.jpg","jetpack_publicize_connections":[],"_links":{"self":[{"href":"https:\/\/notinor.com\/jujuy\/wp-json\/wp\/v2\/posts\/229117"}],"collection":[{"href":"https:\/\/notinor.com\/jujuy\/wp-json\/wp\/v2\/posts"}],"about":[{"href":"https:\/\/notinor.com\/jujuy\/wp-json\/wp\/v2\/types\/post"}],"author":[{"embeddable":true,"href":"https:\/\/notinor.com\/jujuy\/wp-json\/wp\/v2\/users\/5"}],"replies":[{"embeddable":true,"href":"https:\/\/notinor.com\/jujuy\/wp-json\/wp\/v2\/comments?post=229117"}],"version-history":[{"count":1,"href":"https:\/\/notinor.com\/jujuy\/wp-json\/wp\/v2\/posts\/229117\/revisions"}],"predecessor-version":[{"id":229119,"href":"https:\/\/notinor.com\/jujuy\/wp-json\/wp\/v2\/posts\/229117\/revisions\/229119"}],"wp:featuredmedia":[{"embeddable":true,"href":"https:\/\/notinor.com\/jujuy\/wp-json\/wp\/v2\/media\/229118"}],"wp:attachment":[{"href":"https:\/\/notinor.com\/jujuy\/wp-json\/wp\/v2\/media?parent=229117"}],"wp:term":[{"taxonomy":"category","embeddable":true,"href":"https:\/\/notinor.com\/jujuy\/wp-json\/wp\/v2\/categories?post=229117"},{"taxonomy":"post_tag","embeddable":true,"href":"https:\/\/notinor.com\/jujuy\/wp-json\/wp\/v2\/tags?post=229117"}],"curies":[{"name":"wp","href":"https:\/\/api.w.org\/{rel}","templated":true}]}}