{"id":229114,"date":"2020-02-06T15:21:27","date_gmt":"2020-02-06T18:21:27","guid":{"rendered":"http:\/\/notinor.com\/jujuy\/?p=229114"},"modified":"2020-02-06T15:21:32","modified_gmt":"2020-02-06T18:21:32","slug":"mas-de-500-chicos-ya-disfrutaron-de-su-paisaje-natural","status":"publish","type":"post","link":"https:\/\/notinor.com\/jujuy\/mas-de-500-chicos-ya-disfrutaron-de-su-paisaje-natural\/","title":{"rendered":"M\u00e1s de 500 chicos ya disfrutaron de su paisaje natural"},"content":{"rendered":"\n<figure class=\"wp-block-image\"><img decoding=\"async\" loading=\"lazy\" width=\"720\" height=\"480\" src=\"http:\/\/notinor.com\/jujuy\/wp-content\/uploads\/2020\/02\/PARQUE-BOTAANICO-720x480.jpg\" alt=\"\" class=\"wp-image-229115\" srcset=\"https:\/\/notinor.com\/jujuy\/wp-content\/uploads\/2020\/02\/PARQUE-BOTAANICO-720x480.jpg 720w, https:\/\/notinor.com\/jujuy\/wp-content\/uploads\/2020\/02\/PARQUE-BOTAANICO-548x365.jpg 548w, https:\/\/notinor.com\/jujuy\/wp-content\/uploads\/2020\/02\/PARQUE-BOTAANICO.jpg 750w, https:\/\/notinor.com\/jujuy\/wp-content\/uploads\/2020\/02\/PARQUE-BOTAANICO-400x266.jpg 400w\" sizes=\"(max-width: 720px) 100vw, 720px\" \/><\/figure>\n\n\n\n<p class=\"has-background has-vivid-cyan-blue-background-color\"><strong>Con gran expectativa contin\u00faa trabajando la reserva natural del barrio de Los Perales recibiendo la visita permanente de 470 ni\u00f1os provenientes de 15 colonias municipales, 50 colonias independientes, adem\u00e1s de las colonias inclusivas y adultos mayores que recorrieron el Parque en vacaciones.<\/strong><\/p>\n\n\n\n<p>Estos bosques proporcionan una gran cantidad de servicios\nambientales a las personas: capturan agua, amortiguan las crecidas de los r\u00edos,\nfrenan la erosi\u00f3n de las laderas, purifican el aire y sirven de refugio para\nlos animales silvestres es la reserva natural m\u00e1s cercana al ejido urbano,\ncuenta con 15 hect\u00e1reas, y presenta los pisos de la flora aut\u00f3ctona del Valle\nde San Salvador de Jujuy.<\/p>\n\n\n\n<p>Gerardo Carrasco, a cargo del Parque Bot\u00e1nico, manifest\u00f3\n\u201cesta temporada estamos trabajando muy bien, tuvimos 6 colonias inclusivas,\ncomo la de la Fundaci\u00f3n SENTIR, que son ni\u00f1os que se desplazan en silla de\nruedas, con lo cual nos emociona y nos posiciona a seguir trabajando con m\u00e1s\nentusiasmo y al m\u00e1ximo de nuestras capacidades y adem\u00e1s 10 colonias municipales\nformando un grupo de m\u00e1s de 400 chicos\u201d.<\/p>\n\n\n\n<p>Durante el recorrido por los senderos, el Parque cuenta con\ngu\u00edas que proporcionan a cada visitante una introducci\u00f3n acerca de su historia,\norigen y de la importancia paisaj\u00edstica, cultural y de reserva natural que posee,\nya que representa para la ciudad de San Salvador de Jujuy un verdadero pulm\u00f3n\necol\u00f3gico.<\/p>\n\n\n\n<p>Para finalizar, Carrasco aclar\u00f3, \u201cla modalidad de visita es\nde lunes a lunes con un horario amplio de 8 a 17hs, son guiadas las visitas por\neso pedimos a las colonias o grupos de chicos que coordinen su llegada para\nbrindarles una mejor recepci\u00f3n\u201d.<\/p>\n","protected":false},"excerpt":{"rendered":"<p>Con gran expectativa contin\u00faa trabajando la reserva natural del barrio de Los Perales recibiendo la visita permanente de 470 ni\u00f1os provenientes de 15 colonias municipales, 50 colonias independientes, adem\u00e1s de las colonias inclusivas y adultos mayores que recorrieron el Parque en vacaciones. Estos bosques proporcionan una gran cantidad de servicios ambientales a las personas: capturan [&hellip;]<\/p>\n","protected":false},"author":5,"featured_media":229115,"comment_status":"open","ping_status":"open","sticky":false,"template":"","format":"standard","meta":{"_stopmodifiedupdate":false,"_modified_date":"","inline_featured_image":false,"spay_email":"","jetpack_publicize_message":""},"categories":[490],"tags":[],"jetpack_featured_media_url":"https:\/\/notinor.com\/jujuy\/wp-content\/uploads\/2020\/02\/PARQUE-BOTAANICO.jpg","jetpack_publicize_connections":[],"_links":{"self":[{"href":"https:\/\/notinor.com\/jujuy\/wp-json\/wp\/v2\/posts\/229114"}],"collection":[{"href":"https:\/\/notinor.com\/jujuy\/wp-json\/wp\/v2\/posts"}],"about":[{"href":"https:\/\/notinor.com\/jujuy\/wp-json\/wp\/v2\/types\/post"}],"author":[{"embeddable":true,"href":"https:\/\/notinor.com\/jujuy\/wp-json\/wp\/v2\/users\/5"}],"replies":[{"embeddable":true,"href":"https:\/\/notinor.com\/jujuy\/wp-json\/wp\/v2\/comments?post=229114"}],"version-history":[{"count":1,"href":"https:\/\/notinor.com\/jujuy\/wp-json\/wp\/v2\/posts\/229114\/revisions"}],"predecessor-version":[{"id":229116,"href":"https:\/\/notinor.com\/jujuy\/wp-json\/wp\/v2\/posts\/229114\/revisions\/229116"}],"wp:featuredmedia":[{"embeddable":true,"href":"https:\/\/notinor.com\/jujuy\/wp-json\/wp\/v2\/media\/229115"}],"wp:attachment":[{"href":"https:\/\/notinor.com\/jujuy\/wp-json\/wp\/v2\/media?parent=229114"}],"wp:term":[{"taxonomy":"category","embeddable":true,"href":"https:\/\/notinor.com\/jujuy\/wp-json\/wp\/v2\/categories?post=229114"},{"taxonomy":"post_tag","embeddable":true,"href":"https:\/\/notinor.com\/jujuy\/wp-json\/wp\/v2\/tags?post=229114"}],"curies":[{"name":"wp","href":"https:\/\/api.w.org\/{rel}","templated":true}]}}