{"id":229105,"date":"2020-02-06T13:13:48","date_gmt":"2020-02-06T16:13:48","guid":{"rendered":"http:\/\/notinor.com\/jujuy\/?p=229105"},"modified":"2020-02-06T13:13:53","modified_gmt":"2020-02-06T16:13:53","slug":"los-beneficiarios-de-planes-sociales-tendran-que-trabajar","status":"publish","type":"post","link":"https:\/\/notinor.com\/jujuy\/los-beneficiarios-de-planes-sociales-tendran-que-trabajar\/","title":{"rendered":"Los beneficiarios de planes sociales tendr\u00e1n que trabajar"},"content":{"rendered":"\n<figure class=\"wp-block-image\"><img decoding=\"async\" src=\"http:\/\/notinor.com\/jujuy\/wp-content\/uploads\/2020\/02\/planes-sociales-1.jpg\" alt=\"\" class=\"wp-image-229109\"\/><\/figure>\n\n\n\n<p class=\"has-background has-vivid-cyan-blue-background-color\">Si algo le ped\u00eda el votante al nuevo gobierno que ingres\u00f3 en\ndiciembre del a\u00f1o pasado eran \"cambios profundos\", y la\nadministraci\u00f3n de Alberto Fern\u00e1ndez ya piensa en modificar los planes sociales\nque paga el Estado, con la idea de que sus beneficiarios tengan la obligaci\u00f3n\nde brindar un servicio a la comunidad.<\/p>\n\n\n\n<p>Este proyecto est\u00e1 siendo evaluado por diversos funcionarios\ncomo los ministros de Trabajo, Claudio Moroni; de Desarrollo Productivo, Mat\u00edas\nKulfas; de Desarrollo Social, Daniel Arroyo; el secretario de Econom\u00eda Social\nde la Naci\u00f3n, Emilio P\u00e9rsico; y el subsecretario de Promoci\u00f3n de la Econom\u00eda\nSocial, Daniel Men\u00e9ndez, y apuntar\u00eda a trabajar de forma conjunta con\nprovincias y municipios para asegurar a estos trabajadores en primera instancia\nuna prestaci\u00f3n igual a un salario m\u00ednimo, vital y m\u00f3vil.<\/p>\n\n\n\n<p>En tanto, el diputado provincial del Frente de Todos, Miguel\nArias, dijo que a fin de este mes el Gobierno pondr\u00e1 en marcha un programa de\ntrabajo que garantice una prestaci\u00f3n y un salario m\u00ednimo, vital y m\u00f3vil a todos\nlos beneficiarios de planes sociales del pa\u00eds.<\/p>\n\n\n\n<p>Del encuentro participaron los intendentes Ra\u00fal Rulo Hadad\n(San Roque), Vilma Ojeda (San Isidro), Fabiana Acevedo (Mantilla), el diputado\njusticialista, C\u00e9sar Acevedo, entre otros dirigentes correntinos.<\/p>\n\n\n\n<p>\"Despu\u00e9s del 20 de febrero, el Gobierno quiere poner en\nmarcha una nueva modalidad de planes sociales para que las personas que reciben\npuedan tener garantizado un trabajo como contraprestaci\u00f3n y un salario\nm\u00ednimo\", explic\u00f3 Arias.<\/p>\n\n\n\n<p>Agreg\u00f3 que la Naci\u00f3n va a implementar un nuevo sistema por\nel cual las personas que reciban un plan social, en el marco de una pol\u00edtica de\nseguridad social, tendr\u00e1n un trabajo.<\/p>\n\n\n\n<p>\"El salario m\u00ednimo se va a conformar en un 50 por\nciento con recursos de la Naci\u00f3n y la otra mitad deber\u00e1n completar las\nProvincias, los Municipios o las instituciones donde los beneficiarios cumplan\nuna tarea laboral\", agreg\u00f3 Arias.<\/p>\n\n\n\n<p>Fuente Cronica<\/p>\n","protected":false},"excerpt":{"rendered":"<p>Si algo le ped\u00eda el votante al nuevo gobierno que ingres\u00f3 en diciembre del a\u00f1o pasado eran \"cambios profundos\", y la administraci\u00f3n de Alberto Fern\u00e1ndez ya piensa en modificar los planes sociales que paga el Estado, con la idea de que sus beneficiarios tengan la obligaci\u00f3n de brindar un servicio a la comunidad. Este proyecto [&hellip;]<\/p>\n","protected":false},"author":5,"featured_media":229108,"comment_status":"open","ping_status":"open","sticky":false,"template":"","format":"standard","meta":{"_stopmodifiedupdate":false,"_modified_date":"","inline_featured_image":false,"spay_email":"","jetpack_publicize_message":""},"categories":[5],"tags":[],"jetpack_featured_media_url":"https:\/\/notinor.com\/jujuy\/wp-content\/uploads\/2020\/02\/planes-sociales.jpg","jetpack_publicize_connections":[],"_links":{"self":[{"href":"https:\/\/notinor.com\/jujuy\/wp-json\/wp\/v2\/posts\/229105"}],"collection":[{"href":"https:\/\/notinor.com\/jujuy\/wp-json\/wp\/v2\/posts"}],"about":[{"href":"https:\/\/notinor.com\/jujuy\/wp-json\/wp\/v2\/types\/post"}],"author":[{"embeddable":true,"href":"https:\/\/notinor.com\/jujuy\/wp-json\/wp\/v2\/users\/5"}],"replies":[{"embeddable":true,"href":"https:\/\/notinor.com\/jujuy\/wp-json\/wp\/v2\/comments?post=229105"}],"version-history":[{"count":1,"href":"https:\/\/notinor.com\/jujuy\/wp-json\/wp\/v2\/posts\/229105\/revisions"}],"predecessor-version":[{"id":229110,"href":"https:\/\/notinor.com\/jujuy\/wp-json\/wp\/v2\/posts\/229105\/revisions\/229110"}],"wp:featuredmedia":[{"embeddable":true,"href":"https:\/\/notinor.com\/jujuy\/wp-json\/wp\/v2\/media\/229108"}],"wp:attachment":[{"href":"https:\/\/notinor.com\/jujuy\/wp-json\/wp\/v2\/media?parent=229105"}],"wp:term":[{"taxonomy":"category","embeddable":true,"href":"https:\/\/notinor.com\/jujuy\/wp-json\/wp\/v2\/categories?post=229105"},{"taxonomy":"post_tag","embeddable":true,"href":"https:\/\/notinor.com\/jujuy\/wp-json\/wp\/v2\/tags?post=229105"}],"curies":[{"name":"wp","href":"https:\/\/api.w.org\/{rel}","templated":true}]}}