{"id":22907,"date":"2015-04-10T15:20:10","date_gmt":"2015-04-10T18:20:10","guid":{"rendered":"http:\/\/notinor.com\/jujuy\/?p=22907"},"modified":"2015-04-10T17:33:46","modified_gmt":"2015-04-10T20:33:46","slug":"si-no-la-ganan-la-empatan-el-fuyo-quiere-crear-el-municipio-de-alto-comedero","status":"publish","type":"post","link":"https:\/\/notinor.com\/jujuy\/si-no-la-ganan-la-empatan-el-fuyo-quiere-crear-el-municipio-de-alto-comedero\/","title":{"rendered":"Si no la ganan la empatan: El FUyO quiere crear el municipio de Alto Comedero"},"content":{"rendered":"<p>En medio de un paquete de propuestas legislativas, el FUyO deslizo un proyecto de ley para la creeaci\u00f3n del Municipio de Alto Comedero, en medio de un a\u00f1o electoral despu\u00e9s de haber blanqueado la relaci\u00f3n con el Partido Justicialista.<\/p>\n<p>\"Apunta a profundizar la democracia, acercar el poder a la poblaci\u00f3n, crear mejores condiciones y eficiencia de los cometidos estatales, favorecer la desconcentraci\u00f3n de la administraci\u00f3n del Municipio de San Salvador de Jujuy y as\u00ed lograr una mayor participaci\u00f3n ciudadana y la mejor prestaci\u00f3n de los servicios p\u00fablicos\", explic\u00f3 el FUyO en boca de su presidente de bloque, Germ\u00e1n Noro.<\/p>\n<p>No es la primera vez que se propone la municipalizaci\u00f3pn de Alto Comedero, y no es la primera vez que se hace en medio de un a\u00f1o electoral.<\/p>\n<p>Siendo Concejal capitalino, Jos\u00e9 Luis Martiarena hab\u00eda presentado un proyecto similar en el concejo deliberante, qproyecto ue olvid\u00f3 impulsar o poner en marcha en cuanto lleg\u00f3 a la intendencia.<\/p>\n<p>En el 2013, Miguel Angel Morales hizo lo propio en la Legislatura al presentar un proyecto de creaci\u00f3n de la \"Nueva Ciudad de Alto Comedero\".<\/p>\n","protected":false},"excerpt":{"rendered":"<p>En medio de un paquete de propuestas legislativas, el FUyO deslizo un proyecto de ley para la creeaci\u00f3n del Municipio de Alto Comedero, en medio de un a\u00f1o electoral despu\u00e9s de haber blanqueado la relaci\u00f3n con el Partido Justicialista. \"Apunta a profundizar la democracia, acercar el poder a la poblaci\u00f3n, crear mejores condiciones y eficiencia [&hellip;]<\/p>\n","protected":false},"author":1,"featured_media":22908,"comment_status":"open","ping_status":"open","sticky":false,"template":"","format":"standard","meta":{"_stopmodifiedupdate":false,"_modified_date":"","inline_featured_image":false,"spay_email":"","jetpack_publicize_message":""},"categories":[485],"tags":[],"jetpack_featured_media_url":"https:\/\/notinor.com\/jujuy\/wp-content\/uploads\/2015\/04\/fuyo-alto-comedero.jpg","jetpack_publicize_connections":[],"_links":{"self":[{"href":"https:\/\/notinor.com\/jujuy\/wp-json\/wp\/v2\/posts\/22907"}],"collection":[{"href":"https:\/\/notinor.com\/jujuy\/wp-json\/wp\/v2\/posts"}],"about":[{"href":"https:\/\/notinor.com\/jujuy\/wp-json\/wp\/v2\/types\/post"}],"author":[{"embeddable":true,"href":"https:\/\/notinor.com\/jujuy\/wp-json\/wp\/v2\/users\/1"}],"replies":[{"embeddable":true,"href":"https:\/\/notinor.com\/jujuy\/wp-json\/wp\/v2\/comments?post=22907"}],"version-history":[{"count":1,"href":"https:\/\/notinor.com\/jujuy\/wp-json\/wp\/v2\/posts\/22907\/revisions"}],"predecessor-version":[{"id":22911,"href":"https:\/\/notinor.com\/jujuy\/wp-json\/wp\/v2\/posts\/22907\/revisions\/22911"}],"wp:featuredmedia":[{"embeddable":true,"href":"https:\/\/notinor.com\/jujuy\/wp-json\/wp\/v2\/media\/22908"}],"wp:attachment":[{"href":"https:\/\/notinor.com\/jujuy\/wp-json\/wp\/v2\/media?parent=22907"}],"wp:term":[{"taxonomy":"category","embeddable":true,"href":"https:\/\/notinor.com\/jujuy\/wp-json\/wp\/v2\/categories?post=22907"},{"taxonomy":"post_tag","embeddable":true,"href":"https:\/\/notinor.com\/jujuy\/wp-json\/wp\/v2\/tags?post=22907"}],"curies":[{"name":"wp","href":"https:\/\/api.w.org\/{rel}","templated":true}]}}