{"id":22904,"date":"2015-04-10T16:39:04","date_gmt":"2015-04-10T19:39:04","guid":{"rendered":"http:\/\/notinor.com\/jujuy\/?p=22904"},"modified":"2015-04-10T16:39:04","modified_gmt":"2015-04-10T19:39:04","slug":"incendio-en-economia-habria-afectado-el-archivo-de-control-de-gastos","status":"publish","type":"post","link":"https:\/\/notinor.com\/jujuy\/incendio-en-economia-habria-afectado-el-archivo-de-control-de-gastos\/","title":{"rendered":"Incendio en Econom\u00eda habr\u00eda afectado el archivo de control de gastos"},"content":{"rendered":"<p>Fuentes allegadas al \u00e1rea, sin embargo, confirmaron que el fuego afect\u00f3 al centro de c\u00f3mputos del cuarto piso, donde est\u00e1n las computadoras en las que se archiva el control de gastos del Ministerio.<\/p>\n<p>\"Hay back-up de toda la informaci\u00f3n de la Secretar\u00eda\", dijo hoy el ministro. Su explicaci\u00f3n de los hechos s\u00ed coincide con la revelada por fuentes del Ministerio a Clar\u00edn: \"Se produjo por un cortocircuito en un aire acondicionado\".<\/p>\n<p>Resulta llamativo que una dependencia del Estado no tenga disyuntores para interrumpir el paso de la electricidad ante un cortocircuito y evitar as\u00ed los incendios. Pero el mantenimiento del edificio es por lo menos cuestionable, seg\u00fan las quejas frecuentes de algunos empleados. Hace pocos meses otro desperfecto t\u00e9cnico tambi\u00e9n habr\u00eda motivado un incendio. Entre los reclamos gremiales que se escuchan a diario, figura el retraso de un a\u00f1o y medio en las compras de elementos de tecnolog\u00eda necesarios para reacondicionar computadoras y circuitos el\u00e9ctricos. La falta acondicionamiento en la infraestructura el\u00e9ctrica motivaron que durante los d\u00edas de mayor calor se diera contantes cortes de luz en el edificio.D urante el verano, los aires acondicionados pr\u00e1cticamente no funcionaron.<\/p>\n<p>El ministro tampoco explic\u00f3 por qu\u00e9 la denuncia del siniestro, ocurrido en la tarde del domingo (el \u00fanico d\u00eda de la semana donde no hay empleados en el ministerio), tard\u00f3 un d\u00eda en ser presentada en la comisar\u00eda segunda. Fue la jefa del \u00e1rea, Mar\u00eda Eva S\u00e1nchez quien denunci\u00f3 lo ocurrido. Los peritajes para conocer el alcance del da\u00f1o se extendieron hasta el mi\u00e9rcoles por la tarde, seg\u00fan pudo averiguar este diario. S\u00e1nchez acudi\u00f3 ayer nuevamente a la dependencia policial para ratificar la denuncia.<br \/>\nDe lo que s\u00ed habl\u00f3 Kicillof fue de Iron Mountain. \"Alli murieron 10 personas y s\u00ed se quem\u00f3 informaci\u00f3n sensible de distintas empresas, una de ellas el HSBC que acaba de ser denunciado en Francia\", dijo comparando ese incendio con el ocurrido en el Ministerio.<\/p>\n<p>Seg\u00fan informaron a Clar\u00edn fuentes del \u00e1rea, se quemaron todas las computadoras que estaban en el sal\u00f3n donde se guardaba el control de gastos de la cartera dependiente de la secretar\u00eda que comanda Pezoa. Otra rareza del caso es que si bien hubo intervenci\u00f3n de bomberos, el alcance de las llamas no se propag\u00f3 por fuera de la oficina en cuesti\u00f3n.<\/p>\n<p>\"El centro de c\u00f3mputos es un cuarto donde no trabaja ning\u00fan empleado, son solo computadoras y para evitar que se recaliente la sala debe estar refrigerada permanentemente con aires acondicionados\", explic\u00f3 a este diario un empleado del \u00e1rea que pidi\u00f3 que se preservara su identidad.<\/p>\n<p>En lo que va de a\u00f1o, este es el cuarto incendio en \u00e1reas claves del Estado. En febrero, hubo fuegos en la Casa Rosada y en el Senado y el mes pasado en el Edificio Libertador.<\/p>\n<p>El Palacio de Hacienda es una de las sedes de Gobierno m\u00e1s grandes y por lo tanto, m\u00e1s dif\u00edciles de controlar. Consta de tres edificios distribuidos en una manzana comprendida entre las calles Balcarce, Hip\u00f3lito Yrigoyen, Paseo Col\u00f3n y Alsina, donde funcionan tambi\u00e9n el Ministerio de Industria y el de Planificaci\u00f3n. En el cuarto piso reside toda el \u00e1rea operativa de Juan Carlos Pezoa, el titular de la Secretar\u00eda de Hacienda.<\/p>\n<p>Fue en una peque\u00f1a oficina de este piso, aunque lejos del despacho del secretario, ubicada en la Direcci\u00f3n General de Sistemas Inform\u00e1ticos de Administraci\u00f3n Financiera hacia la entrada de Balcarce 186, donde ocurri\u00f3 el siniestro.<\/p>\n<p>Los domingos el Ministerio de Econom\u00eda permanece vac\u00edo y no hay actividad. Quedan los empleados de seguridad a cargo del control de las puertas de acceso. Al tratarse de una estructura tan grande (son 13 pisos de altura y dos subsuelos), hay serenos que tienen la obligaci\u00f3n de hacer rondas nocturnas para fiscalizar los distintos pisos. Tambi\u00e9n hay c\u00e1maras de seguridad distribuidas por todos los rincones del edificio.<\/p>\n","protected":false},"excerpt":{"rendered":"<p>Fuentes allegadas al \u00e1rea, sin embargo, confirmaron que el fuego afect\u00f3 al centro de c\u00f3mputos del cuarto piso, donde est\u00e1n las computadoras en las que se archiva el control de gastos del Ministerio. \"Hay back-up de toda la informaci\u00f3n de la Secretar\u00eda\", dijo hoy el ministro. Su explicaci\u00f3n de los hechos s\u00ed coincide con la [&hellip;]<\/p>\n","protected":false},"author":1,"featured_media":22905,"comment_status":"open","ping_status":"open","sticky":false,"template":"","format":"standard","meta":{"_stopmodifiedupdate":false,"_modified_date":"","inline_featured_image":false,"spay_email":"","jetpack_publicize_message":""},"categories":[5],"tags":[],"jetpack_featured_media_url":"https:\/\/notinor.com\/jujuy\/wp-content\/uploads\/2015\/04\/ministerio-de-economia.jpg","jetpack_publicize_connections":[],"_links":{"self":[{"href":"https:\/\/notinor.com\/jujuy\/wp-json\/wp\/v2\/posts\/22904"}],"collection":[{"href":"https:\/\/notinor.com\/jujuy\/wp-json\/wp\/v2\/posts"}],"about":[{"href":"https:\/\/notinor.com\/jujuy\/wp-json\/wp\/v2\/types\/post"}],"author":[{"embeddable":true,"href":"https:\/\/notinor.com\/jujuy\/wp-json\/wp\/v2\/users\/1"}],"replies":[{"embeddable":true,"href":"https:\/\/notinor.com\/jujuy\/wp-json\/wp\/v2\/comments?post=22904"}],"version-history":[{"count":1,"href":"https:\/\/notinor.com\/jujuy\/wp-json\/wp\/v2\/posts\/22904\/revisions"}],"predecessor-version":[{"id":22906,"href":"https:\/\/notinor.com\/jujuy\/wp-json\/wp\/v2\/posts\/22904\/revisions\/22906"}],"wp:featuredmedia":[{"embeddable":true,"href":"https:\/\/notinor.com\/jujuy\/wp-json\/wp\/v2\/media\/22905"}],"wp:attachment":[{"href":"https:\/\/notinor.com\/jujuy\/wp-json\/wp\/v2\/media?parent=22904"}],"wp:term":[{"taxonomy":"category","embeddable":true,"href":"https:\/\/notinor.com\/jujuy\/wp-json\/wp\/v2\/categories?post=22904"},{"taxonomy":"post_tag","embeddable":true,"href":"https:\/\/notinor.com\/jujuy\/wp-json\/wp\/v2\/tags?post=22904"}],"curies":[{"name":"wp","href":"https:\/\/api.w.org\/{rel}","templated":true}]}}