{"id":229020,"date":"2020-02-04T08:18:37","date_gmt":"2020-02-04T11:18:37","guid":{"rendered":"http:\/\/notinor.com\/jujuy\/?p=229020"},"modified":"2020-02-04T14:19:04","modified_gmt":"2020-02-04T17:19:04","slug":"jujuy-conformo-el-comite-por-coronavirus","status":"publish","type":"post","link":"https:\/\/notinor.com\/jujuy\/jujuy-conformo-el-comite-por-coronavirus\/","title":{"rendered":"Jujuy conform\u00f3 el comit\u00e9 por Coronavirus"},"content":{"rendered":"\n<figure class=\"wp-block-image\"><img decoding=\"async\" loading=\"lazy\" width=\"750\" height=\"345\" src=\"http:\/\/notinor.com\/jujuy\/wp-content\/uploads\/2020\/02\/COMITE-CORONAVIRUS1.jpg\" alt=\"\" class=\"wp-image-229022\" srcset=\"https:\/\/notinor.com\/jujuy\/wp-content\/uploads\/2020\/02\/COMITE-CORONAVIRUS1.jpg 750w, https:\/\/notinor.com\/jujuy\/wp-content\/uploads\/2020\/02\/COMITE-CORONAVIRUS1-660x304.jpg 660w\" sizes=\"(max-width: 750px) 100vw, 750px\" \/><\/figure>\n\n\n\n<p class=\"has-background has-vivid-cyan-blue-background-color\"><strong>Las principales autoridades del Ministerio de Salud realizaron este martes el primer encuentro del Comit\u00e9 de trabajo por el coronavirus. Si bien todo el territorio argentino se encuentra libre de casos a la fecha, los recursos sanitarios de Jujuy se encuentran a disposici\u00f3n de cualquier emergente.<\/strong><\/p>\n\n\n\n<p>Encabezada por el Subsecretario T\u00e9cnico Operativo, Dr. Pablo\nJure, de la reuni\u00f3n tomaron parte los responsables de las \u00e1reas de\nEpidemiolog\u00eda, Infectolog\u00eda, Enfermer\u00eda, Bioqu\u00edmica, SAME, Direcci\u00f3n de\nHospitales y Sanidad, mientras de define un protocolo de acci\u00f3n ante eventuales\ncasos de coronavirus y acorde a la normativa detallada por la Organizaci\u00f3n\nMundial de la Salud (OMS).<\/p>\n\n\n\n<p>Asimismo, los referentes de Salud de la Provincia destacaron\nque si bien se organizan las acciones ante el estado de emergencia dispuesto\npor la OMS especialmente en China, donde surgen los primeros contagios y donde\ntienen lugar los casos fatales, ello no implica el descuido de las campa\u00f1as\nvigentes en Jujuy tales como dengue, zika, chikungunya, sarampi\u00f3n y\ntuberculosis.<\/p>\n\n\n\n<p>Seg\u00fan precis\u00f3 el Director Provincial de Sanidad, Omar\nGuti\u00e9rrez, un caso puede considerarse como sospechoso por coronavirus si el\npaciente estuvo en China o en contacto con personas que hayan viajado al pa\u00eds\nasi\u00e1tico en los \u00faltimos 15 d\u00edas y si adem\u00e1s se presentan los s\u00edntomas de fiebre\ny tos con requerimiento de internaci\u00f3n.<\/p>\n","protected":false},"excerpt":{"rendered":"<p>Las principales autoridades del Ministerio de Salud realizaron este martes el primer encuentro del Comit\u00e9 de trabajo por el coronavirus. Si bien todo el territorio argentino se encuentra libre de casos a la fecha, los recursos sanitarios de Jujuy se encuentran a disposici\u00f3n de cualquier emergente. Encabezada por el Subsecretario T\u00e9cnico Operativo, Dr. Pablo Jure, [&hellip;]<\/p>\n","protected":false},"author":5,"featured_media":229021,"comment_status":"open","ping_status":"open","sticky":false,"template":"","format":"standard","meta":{"_stopmodifiedupdate":false,"_modified_date":"","inline_featured_image":false,"spay_email":"","jetpack_publicize_message":""},"categories":[2],"tags":[],"jetpack_featured_media_url":"https:\/\/notinor.com\/jujuy\/wp-content\/uploads\/2020\/02\/comit\u00e9-coronavirus.jpg","jetpack_publicize_connections":[],"_links":{"self":[{"href":"https:\/\/notinor.com\/jujuy\/wp-json\/wp\/v2\/posts\/229020"}],"collection":[{"href":"https:\/\/notinor.com\/jujuy\/wp-json\/wp\/v2\/posts"}],"about":[{"href":"https:\/\/notinor.com\/jujuy\/wp-json\/wp\/v2\/types\/post"}],"author":[{"embeddable":true,"href":"https:\/\/notinor.com\/jujuy\/wp-json\/wp\/v2\/users\/5"}],"replies":[{"embeddable":true,"href":"https:\/\/notinor.com\/jujuy\/wp-json\/wp\/v2\/comments?post=229020"}],"version-history":[{"count":1,"href":"https:\/\/notinor.com\/jujuy\/wp-json\/wp\/v2\/posts\/229020\/revisions"}],"predecessor-version":[{"id":229023,"href":"https:\/\/notinor.com\/jujuy\/wp-json\/wp\/v2\/posts\/229020\/revisions\/229023"}],"wp:featuredmedia":[{"embeddable":true,"href":"https:\/\/notinor.com\/jujuy\/wp-json\/wp\/v2\/media\/229021"}],"wp:attachment":[{"href":"https:\/\/notinor.com\/jujuy\/wp-json\/wp\/v2\/media?parent=229020"}],"wp:term":[{"taxonomy":"category","embeddable":true,"href":"https:\/\/notinor.com\/jujuy\/wp-json\/wp\/v2\/categories?post=229020"},{"taxonomy":"post_tag","embeddable":true,"href":"https:\/\/notinor.com\/jujuy\/wp-json\/wp\/v2\/tags?post=229020"}],"curies":[{"name":"wp","href":"https:\/\/api.w.org\/{rel}","templated":true}]}}