{"id":22900,"date":"2015-04-10T16:22:06","date_gmt":"2015-04-10T19:22:06","guid":{"rendered":"http:\/\/notinor.com\/jujuy\/?p=22900"},"modified":"2015-04-10T16:27:01","modified_gmt":"2015-04-10T19:27:01","slug":"insolito-para-el-presidente-de-la-uia-la-inflacion-es-menor-al-20","status":"publish","type":"post","link":"https:\/\/notinor.com\/jujuy\/insolito-para-el-presidente-de-la-uia-la-inflacion-es-menor-al-20\/","title":{"rendered":"Ins\u00f3lito:  para el presidente de la UIA, la inflaci\u00f3n es menor al 25%"},"content":{"rendered":"<p>El presidente de la Uni\u00f3n Industrial (UIA), H\u00e9ctor M\u00e9ndez, advirti\u00f3 esta ma\u00f1ana que en el pa\u00eds existe \"una presi\u00f3n monumental, jam\u00e1s conocida\", con niveles de \"pa\u00edses desarrollados, cuando ac\u00e1 el pueblo no recibe nada\". Adem\u00e1s, relat\u00f3 que sufri\u00f3 \"una persecuci\u00f3n y un castigo de un responsable de la AFIP que casi lo lleva al suicidio\".<\/p>\n<p>\"Yo sufr\u00ed la persecuci\u00f3n y el castigo, hace muchos a\u00f1os, por un responsable de la AFIP que se muri\u00f3 sin pagar nada y a mi casi me manda al suicidio por un error\", revel\u00f3 esta ma\u00f1ana el dirigente fabril, al reclamar que \"cada uno pague la responsabilidad de sus actos\".<\/p>\n<p>En una entrevista con radio La Red, M\u00e9ndez calific\u00f3 de \"disparate\" el pedido del 43 por ciento de aumento que hicieron algunos gremios para las paritarias de este a\u00f1o, y reconoci\u00f3 que un nivel adecuado para el sector patronal estar\u00eda en el orden del 15 y 20 por ciento. Al opinar sobre el nivel del Impuesto a las Ganancias que afecta a los trabajadores -que gener\u00f3 ya varios paros nacionales- el presidente de la UIA critic\u00f3 el nivel de presi\u00f3n tributaria que se registra en el pais.<\/p>\n<p>\"Estamos sujetos a una presi\u00f3n impositiva jam\u00e1s conocida, monumental, similares a los de pa\u00edses de alto desarrollo, con contrapartida de servicios de bajo desarrollo. En pa\u00edses de alto desarrollo, como contrapartida de sus impuestos, el pueblo recibe de todo, todo lo que hace falta\", afirm\u00f3 en la entrevista radial M\u00e9ndez.<\/p>\n<p>En cambio, seg\u00fan el presidente de la Uni\u00f3n Industrial, \"ac\u00e1 el pueblo no recibe nada: viaja mal, se cura mal, vive mal, no tiene viviendas, tiene muchos problemas, con cosas que deber\u00eda ser responsabilidad del Estado. \u00bfCu\u00e1ndo fue el \u00faltimo hospital p\u00fablico que se inaugur\u00f3 en la ciudad de Buenos Aires? Fue hace 60 a\u00f1os\".<\/p>\n","protected":false},"excerpt":{"rendered":"<p>El presidente de la Uni\u00f3n Industrial (UIA), H\u00e9ctor M\u00e9ndez, advirti\u00f3 esta ma\u00f1ana que en el pa\u00eds existe \"una presi\u00f3n monumental, jam\u00e1s conocida\", con niveles de \"pa\u00edses desarrollados, cuando ac\u00e1 el pueblo no recibe nada\". Adem\u00e1s, relat\u00f3 que sufri\u00f3 \"una persecuci\u00f3n y un castigo de un responsable de la AFIP que casi lo lleva al suicidio\". [&hellip;]<\/p>\n","protected":false},"author":1,"featured_media":22901,"comment_status":"open","ping_status":"open","sticky":false,"template":"","format":"standard","meta":{"_stopmodifiedupdate":false,"_modified_date":"","inline_featured_image":false,"spay_email":"","jetpack_publicize_message":""},"categories":[5],"tags":[],"jetpack_featured_media_url":"https:\/\/notinor.com\/jujuy\/wp-content\/uploads\/2015\/04\/hector-mendez-3.jpg","jetpack_publicize_connections":[],"_links":{"self":[{"href":"https:\/\/notinor.com\/jujuy\/wp-json\/wp\/v2\/posts\/22900"}],"collection":[{"href":"https:\/\/notinor.com\/jujuy\/wp-json\/wp\/v2\/posts"}],"about":[{"href":"https:\/\/notinor.com\/jujuy\/wp-json\/wp\/v2\/types\/post"}],"author":[{"embeddable":true,"href":"https:\/\/notinor.com\/jujuy\/wp-json\/wp\/v2\/users\/1"}],"replies":[{"embeddable":true,"href":"https:\/\/notinor.com\/jujuy\/wp-json\/wp\/v2\/comments?post=22900"}],"version-history":[{"count":2,"href":"https:\/\/notinor.com\/jujuy\/wp-json\/wp\/v2\/posts\/22900\/revisions"}],"predecessor-version":[{"id":22903,"href":"https:\/\/notinor.com\/jujuy\/wp-json\/wp\/v2\/posts\/22900\/revisions\/22903"}],"wp:featuredmedia":[{"embeddable":true,"href":"https:\/\/notinor.com\/jujuy\/wp-json\/wp\/v2\/media\/22901"}],"wp:attachment":[{"href":"https:\/\/notinor.com\/jujuy\/wp-json\/wp\/v2\/media?parent=22900"}],"wp:term":[{"taxonomy":"category","embeddable":true,"href":"https:\/\/notinor.com\/jujuy\/wp-json\/wp\/v2\/categories?post=22900"},{"taxonomy":"post_tag","embeddable":true,"href":"https:\/\/notinor.com\/jujuy\/wp-json\/wp\/v2\/tags?post=22900"}],"curies":[{"name":"wp","href":"https:\/\/api.w.org\/{rel}","templated":true}]}}