{"id":228885,"date":"2020-01-31T16:23:20","date_gmt":"2020-01-31T19:23:20","guid":{"rendered":"http:\/\/notinor.com\/jujuy\/?p=228885"},"modified":"2020-01-31T16:23:47","modified_gmt":"2020-01-31T19:23:47","slug":"anunciaron-paro-de-bancarios-en-todo-el-pais-por-el-asesinato-de-cajero-en-un-robo","status":"publish","type":"post","link":"https:\/\/notinor.com\/jujuy\/anunciaron-paro-de-bancarios-en-todo-el-pais-por-el-asesinato-de-cajero-en-un-robo\/","title":{"rendered":"Anunciaron paro de bancarios en todo el pa\u00eds por el asesinato de cajero en un robo"},"content":{"rendered":"\n<figure class=\"wp-block-image\"><img decoding=\"async\" loading=\"lazy\" width=\"417\" height=\"480\" src=\"http:\/\/notinor.com\/jujuy\/wp-content\/uploads\/2020\/01\/BANCARIOS-PARO1-417x480.jpg\" alt=\"\" class=\"wp-image-228887\" srcset=\"https:\/\/notinor.com\/jujuy\/wp-content\/uploads\/2020\/01\/BANCARIOS-PARO1-417x480.jpg 417w, https:\/\/notinor.com\/jujuy\/wp-content\/uploads\/2020\/01\/BANCARIOS-PARO1-317x365.jpg 317w, https:\/\/notinor.com\/jujuy\/wp-content\/uploads\/2020\/01\/BANCARIOS-PARO1.jpg 479w\" sizes=\"(max-width: 417px) 100vw, 417px\" \/><\/figure>\n\n\n\n<p class=\"has-background has-vivid-cyan-blue-background-color\"><strong>La Asociaci\u00f3n Bancaria anunci\u00f3 esta ma\u00f1ana un paro de dos horas para el pr\u00f3ximo lunes en todo el pa\u00eds a ra\u00edz del asesinato de Germ\u00e1n Ch\u00e1vez (31), un cajero de la sucursal del Banco Naci\u00f3n en la ciudad bonaerense de Isidro Casanova asaltada este viernes.<\/strong><\/p>\n\n\n\n<p>El trabajador fue ejecutado de un disparo en el interior del\nbanco cuando un grupo comando ingres\u00f3 violentamente al lugar para robar dinero\ny abri\u00f3 fuego en la zona de cajas.<\/p>\n\n\n\n<p>En un comunicado difundido esta ma\u00f1ana, el gremio Seccional\nBuenos Aires anunci\u00f3 que la medida ser\u00e1 llevada a cabo el lunes 3 de enero de\n10 a 12 \"en se\u00f1al de duelo y reclamando urgentemente seguridad\" para\ntodos los empleados del sector. <\/p>\n\n\n\n<p>\"Hacemos responsable a las autoridades del Gobierno\nanterior y al Banco Central de la Rep\u00fablica Argentina (BCRA) por las\ndesregulaciones llevadas a cabo en materia de seguridad, situaci\u00f3n que venimos\ndenunciando conjuntamente con nuestro sindicato\", indicaron.<\/p>\n\n\n\n<p>Y concluy\u00f3: \"Exigimos al Gobierno actual que en forma\nurgente arbitre las medidas necesarias que garanticen la vida de los compa\u00f1eros\nbancarios que hoy tristemente tenemos que lamentar\". <\/p>\n\n\n\n<p>Fuente Cronica<\/p>\n","protected":false},"excerpt":{"rendered":"<p>La Asociaci\u00f3n Bancaria anunci\u00f3 esta ma\u00f1ana un paro de dos horas para el pr\u00f3ximo lunes en todo el pa\u00eds a ra\u00edz del asesinato de Germ\u00e1n Ch\u00e1vez (31), un cajero de la sucursal del Banco Naci\u00f3n en la ciudad bonaerense de Isidro Casanova asaltada este viernes. El trabajador fue ejecutado de un disparo en el interior [&hellip;]<\/p>\n","protected":false},"author":5,"featured_media":228886,"comment_status":"open","ping_status":"open","sticky":false,"template":"","format":"standard","meta":{"_stopmodifiedupdate":false,"_modified_date":"","inline_featured_image":false,"spay_email":"","jetpack_publicize_message":""},"categories":[5],"tags":[],"jetpack_featured_media_url":"https:\/\/notinor.com\/jujuy\/wp-content\/uploads\/2020\/01\/BANCARIOS-PARO.jpg","jetpack_publicize_connections":[],"_links":{"self":[{"href":"https:\/\/notinor.com\/jujuy\/wp-json\/wp\/v2\/posts\/228885"}],"collection":[{"href":"https:\/\/notinor.com\/jujuy\/wp-json\/wp\/v2\/posts"}],"about":[{"href":"https:\/\/notinor.com\/jujuy\/wp-json\/wp\/v2\/types\/post"}],"author":[{"embeddable":true,"href":"https:\/\/notinor.com\/jujuy\/wp-json\/wp\/v2\/users\/5"}],"replies":[{"embeddable":true,"href":"https:\/\/notinor.com\/jujuy\/wp-json\/wp\/v2\/comments?post=228885"}],"version-history":[{"count":2,"href":"https:\/\/notinor.com\/jujuy\/wp-json\/wp\/v2\/posts\/228885\/revisions"}],"predecessor-version":[{"id":228889,"href":"https:\/\/notinor.com\/jujuy\/wp-json\/wp\/v2\/posts\/228885\/revisions\/228889"}],"wp:featuredmedia":[{"embeddable":true,"href":"https:\/\/notinor.com\/jujuy\/wp-json\/wp\/v2\/media\/228886"}],"wp:attachment":[{"href":"https:\/\/notinor.com\/jujuy\/wp-json\/wp\/v2\/media?parent=228885"}],"wp:term":[{"taxonomy":"category","embeddable":true,"href":"https:\/\/notinor.com\/jujuy\/wp-json\/wp\/v2\/categories?post=228885"},{"taxonomy":"post_tag","embeddable":true,"href":"https:\/\/notinor.com\/jujuy\/wp-json\/wp\/v2\/tags?post=228885"}],"curies":[{"name":"wp","href":"https:\/\/api.w.org\/{rel}","templated":true}]}}