{"id":228881,"date":"2020-01-31T16:07:50","date_gmt":"2020-01-31T19:07:50","guid":{"rendered":"http:\/\/notinor.com\/jujuy\/?p=228881"},"modified":"2020-01-31T16:07:55","modified_gmt":"2020-01-31T19:07:55","slug":"cierre-de-colonias-de-vacaciones","status":"publish","type":"post","link":"https:\/\/notinor.com\/jujuy\/cierre-de-colonias-de-vacaciones\/","title":{"rendered":"Cierre de colonias de vacaciones"},"content":{"rendered":"\n<figure class=\"wp-block-image\"><img decoding=\"async\" loading=\"lazy\" width=\"840\" height=\"341\" src=\"http:\/\/notinor.com\/jujuy\/wp-content\/uploads\/2020\/01\/cierrecolonias3-840x341.jpeg\" alt=\"\" class=\"wp-image-228882\" srcset=\"https:\/\/notinor.com\/jujuy\/wp-content\/uploads\/2020\/01\/cierrecolonias3-840x341.jpeg 840w, https:\/\/notinor.com\/jujuy\/wp-content\/uploads\/2020\/01\/cierrecolonias3-660x268.jpeg 660w, https:\/\/notinor.com\/jujuy\/wp-content\/uploads\/2020\/01\/cierrecolonias3-768x311.jpeg 768w, https:\/\/notinor.com\/jujuy\/wp-content\/uploads\/2020\/01\/cierrecolonias3.jpeg 984w\" sizes=\"(max-width: 840px) 100vw, 840px\" \/><\/figure>\n\n\n\n<p class=\"has-background has-vivid-cyan-blue-background-color\"><strong>Con la coordinaci\u00f3n de la direcci\u00f3n de Deporte y Recreaci\u00f3n, dependiente de la secretar\u00eda de Desarrollo Humano de la Municipalidad de la capital, los ni\u00f1os y ni\u00f1as de la colonia de vacaciones del Parque San Mart\u00edn se despidieron de la temporada de verano 2020 con diferentes n\u00fameros art\u00edsticos en la Sociedad Espa\u00f1ola.<\/strong><\/p>\n\n\n\n<p>En este sentido, el subdirector de Deporte y Recreaci\u00f3n, Gustavo\nHiruela, expres\u00f3 que se cumpli\u00f3 con unos de los principales objetivos: \u201cel\nentretenimiento de los chicos. Los vimos jugar, divertirse, hacer amigos, ser\ncompa\u00f1eros. Pasaron momentos l\u00fadicos y por supuesto, se llevan buenos recuerdos\nde las colonias municipales 2020\u201d.<\/p>\n\n\n\n<p>\u201cHoy est\u00e1n cerrando la temporada veraniega de todas las\ncolonias de vacaciones municipales. Este a\u00f1o superamos las expectativas, m\u00e1s de\n5000 chicos concurrieron a las diferentes colonias que organiz\u00f3 el municipio\u201d\ncontinu\u00f3 diciendo Hiruela y resalt\u00f3 \u201ctuvimos un cuerpo de profesores con la\ncapacidad suficiente de contener ese n\u00famero de ni\u00f1os y ni\u00f1as con diferentes\nactividades\u201d.<\/p>\n","protected":false},"excerpt":{"rendered":"<p>Con la coordinaci\u00f3n de la direcci\u00f3n de Deporte y Recreaci\u00f3n, dependiente de la secretar\u00eda de Desarrollo Humano de la Municipalidad de la capital, los ni\u00f1os y ni\u00f1as de la colonia de vacaciones del Parque San Mart\u00edn se despidieron de la temporada de verano 2020 con diferentes n\u00fameros art\u00edsticos en la Sociedad Espa\u00f1ola. En este sentido, [&hellip;]<\/p>\n","protected":false},"author":5,"featured_media":228883,"comment_status":"open","ping_status":"open","sticky":false,"template":"","format":"standard","meta":{"_stopmodifiedupdate":false,"_modified_date":"","inline_featured_image":false,"spay_email":"","jetpack_publicize_message":""},"categories":[490],"tags":[],"jetpack_featured_media_url":"https:\/\/notinor.com\/jujuy\/wp-content\/uploads\/2020\/01\/cierrecolonias2.jpeg","jetpack_publicize_connections":[],"_links":{"self":[{"href":"https:\/\/notinor.com\/jujuy\/wp-json\/wp\/v2\/posts\/228881"}],"collection":[{"href":"https:\/\/notinor.com\/jujuy\/wp-json\/wp\/v2\/posts"}],"about":[{"href":"https:\/\/notinor.com\/jujuy\/wp-json\/wp\/v2\/types\/post"}],"author":[{"embeddable":true,"href":"https:\/\/notinor.com\/jujuy\/wp-json\/wp\/v2\/users\/5"}],"replies":[{"embeddable":true,"href":"https:\/\/notinor.com\/jujuy\/wp-json\/wp\/v2\/comments?post=228881"}],"version-history":[{"count":1,"href":"https:\/\/notinor.com\/jujuy\/wp-json\/wp\/v2\/posts\/228881\/revisions"}],"predecessor-version":[{"id":228884,"href":"https:\/\/notinor.com\/jujuy\/wp-json\/wp\/v2\/posts\/228881\/revisions\/228884"}],"wp:featuredmedia":[{"embeddable":true,"href":"https:\/\/notinor.com\/jujuy\/wp-json\/wp\/v2\/media\/228883"}],"wp:attachment":[{"href":"https:\/\/notinor.com\/jujuy\/wp-json\/wp\/v2\/media?parent=228881"}],"wp:term":[{"taxonomy":"category","embeddable":true,"href":"https:\/\/notinor.com\/jujuy\/wp-json\/wp\/v2\/categories?post=228881"},{"taxonomy":"post_tag","embeddable":true,"href":"https:\/\/notinor.com\/jujuy\/wp-json\/wp\/v2\/tags?post=228881"}],"curies":[{"name":"wp","href":"https:\/\/api.w.org\/{rel}","templated":true}]}}