{"id":22855,"date":"2015-04-10T15:21:08","date_gmt":"2015-04-10T18:21:08","guid":{"rendered":"http:\/\/notinor.com\/jujuy\/?p=22855"},"modified":"2015-04-10T15:21:57","modified_gmt":"2015-04-10T18:21:57","slug":"el-massismo-jujeno-acompano-a-juan-carlos-romero-en-el-cierre-de-campana","status":"publish","type":"post","link":"https:\/\/notinor.com\/jujuy\/el-massismo-jujeno-acompano-a-juan-carlos-romero-en-el-cierre-de-campana\/","title":{"rendered":"El massismo juje\u00f1o acompa\u00f1\u00f3 a Juan Carlos Romero en el cierre de campa\u00f1a"},"content":{"rendered":"<p>El cierre de campa\u00f1a del Frente Renovador en Salta tuvo lugar anoche en la localidad de G\u00fcemes donde una multitud se dio cita para participar del acto.<\/p>\n<p>Los candidatos a legisladores provinciales, nacionales, y comunales, de nuestra vecina provincia, como tambi\u00e9n los candidatos a intendentes, compartieron el escenario con Sergio Massa, Juan Carlos Romero y Alfredo Olmedo.<\/p>\n<p><a href=\"http:\/\/notinor.com\/jujuy\/wp-content\/uploads\/2015\/04\/romero-acto-1.jpg\"><img decoding=\"async\" loading=\"lazy\" class=\"alignnone  wp-image-22863\" src=\"http:\/\/notinor.com\/jujuy\/wp-content\/uploads\/2015\/04\/romero-acto-1-300x180.jpg\" alt=\"romero acto 1\" width=\"608\" height=\"365\" srcset=\"https:\/\/notinor.com\/jujuy\/wp-content\/uploads\/2015\/04\/romero-acto-1-300x180.jpg 300w, https:\/\/notinor.com\/jujuy\/wp-content\/uploads\/2015\/04\/romero-acto-1-416x250.jpg 416w, https:\/\/notinor.com\/jujuy\/wp-content\/uploads\/2015\/04\/romero-acto-1.jpg 804w\" sizes=\"(max-width: 608px) 100vw, 608px\" \/><\/a><\/p>\n<p>&nbsp;<\/p>\n<p><a href=\"http:\/\/notinor.com\/jujuy\/wp-content\/uploads\/2015\/04\/romero-acto-3.jpg\"><img decoding=\"async\" loading=\"lazy\" class=\"alignnone  wp-image-22864\" src=\"http:\/\/notinor.com\/jujuy\/wp-content\/uploads\/2015\/04\/romero-acto-3-300x150.jpg\" alt=\"romero acto 3\" width=\"610\" height=\"305\" srcset=\"https:\/\/notinor.com\/jujuy\/wp-content\/uploads\/2015\/04\/romero-acto-3-300x150.jpg 300w, https:\/\/notinor.com\/jujuy\/wp-content\/uploads\/2015\/04\/romero-acto-3-1024x512.jpg 1024w, https:\/\/notinor.com\/jujuy\/wp-content\/uploads\/2015\/04\/romero-acto-3.jpg 1048w\" sizes=\"(max-width: 610px) 100vw, 610px\" \/><\/a><\/p>\n<p>M\u00e1s temprano, en horas de la tarde, acompa\u00f1aron la caminata que realizo la principal figura del Frente Renovador, junto al candidato a gobernador por esa provincia, por las calles de la capital salte\u00f1a.<\/p>\n<p>Cabe destacar que Sergio Massa fue muy bien recibido por los salte\u00f1os, que se fueron sumando hasta conformar una verdadera multitud. Sergio Massa dijo sentirse tan local como en Tigre y la provincia de Buenos Aires, debido a la c\u00e1lida recepci\u00f3n y buena predisposici\u00f3n de los salte\u00f1os.<\/p>\n<p><a href=\"http:\/\/notinor.com\/jujuy\/wp-content\/uploads\/2015\/04\/romero-acto-2.jpg\"><img decoding=\"async\" loading=\"lazy\" class=\"alignnone  wp-image-22865\" src=\"http:\/\/notinor.com\/jujuy\/wp-content\/uploads\/2015\/04\/romero-acto-2-300x182.jpg\" alt=\"romero acto 2\" width=\"587\" height=\"356\" \/><\/a><\/p>\n<p>Al t\u00e9rmino del acto de cierre de campa\u00f1a, que consisti\u00f3 de las alocusiones de Juan Carlos Romero y Sergio Massa, los dirigentes juje\u00f1os compartieron momentos con el candidato presidencial.<\/p>\n<p>Enrique Roca y Miguel Palacios, de Uni\u00f3n Popular, se\u00f1alaron la necesidad de \"apoyar a los compa\u00f1eros en momentos tan decisivos como lo es un cierre de campa\u00f1a\". \"Se nota que los salte\u00f1os quieren cambiar de rumbo, esta multitud lo confirma, y Sergio Massa vino hasta ac\u00e1 para ratificar su compromiso con la gente\", dijo Palacios. \"Es importante acompa\u00f1arnos y apoyarnos mutuamente, y este domingo estaremos aqui a disposici\u00f3n del compa\u00f1ero Romero para lo que necesite\", finaliz\u00f3 Roca.<\/p>\n<p><a href=\"http:\/\/notinor.com\/jujuy\/wp-content\/uploads\/2015\/04\/enrique-flaco-massa.jpg\"><img decoding=\"async\" loading=\"lazy\" class=\"alignnone  wp-image-22866\" src=\"http:\/\/notinor.com\/jujuy\/wp-content\/uploads\/2015\/04\/enrique-flaco-massa-300x162.jpg\" alt=\"enrique flaco massa\" width=\"581\" height=\"314\" srcset=\"https:\/\/notinor.com\/jujuy\/wp-content\/uploads\/2015\/04\/enrique-flaco-massa-300x162.jpg 300w, https:\/\/notinor.com\/jujuy\/wp-content\/uploads\/2015\/04\/enrique-flaco-massa.jpg 875w\" sizes=\"(max-width: 581px) 100vw, 581px\" \/><\/a><\/p>\n<p>Por su parte Marcelo Nasif, Jorge Leis, y Juan Carlos Cantero, de Encuentro Juje\u00f1o, destacaron \"la magnitud de la convocatoria\". \"Parece que todo G\u00fcemes sali\u00f3 a respaldar a Romero; lo quieren de vuelta marcando el rumbo de esta provincia\", dijo Leis. \"La gente tiene memoria, y saben que Salta es Salta gracias al compa\u00f1ero Romero\", evalu\u00f3 Cantero. En tanto Marcelo Nasif dijo \"\u00e9ste domingo es una fecha clave, no solo para Salta, sino para el NOA, porque con el triunfo del compa\u00f1ero Juan Carlos, y el triunfo del Frente Renovador en las provincias de la regi\u00f3n, m\u00e1s sencillo resultar\u00e1 la recuperaci\u00f3n de las econom\u00edas regionales, lo que es un pilar del programa que tiene Massa para el pa\u00eds\".<\/p>\n<p>El diputado provincial Alejandro Snopek del Frente Primero Jujuy expres\u00f3 \"viajamos hasta la localidad de G\u00fcemes para expresar nuestro apoyo a Juan Carlos Romero y a sus candidatos, en su anhelo por reencauzar a Salta por el camino del progreso y la equidad\". \u00a0En tanto Mariano Iturbe reiter\u00f3 que el domingo todo el Frente Renovador Jujuy estar\u00e1 a las \u00f3rdenes de Romero, para lo que necesite\".<\/p>\n<p><a href=\"http:\/\/notinor.com\/jujuy\/wp-content\/uploads\/2015\/04\/fr-jujuy-massa.jpg\"><img decoding=\"async\" loading=\"lazy\" class=\"alignnone  wp-image-22856\" src=\"http:\/\/notinor.com\/jujuy\/wp-content\/uploads\/2015\/04\/fr-jujuy-massa-300x192.jpg\" alt=\"fr jujuy massa\" width=\"634\" height=\"406\" \/><\/a><\/p>\n<p>NOTINOR.COM pudo dialogar con Sergio Massa, quien \"la verdad, muy fel\u00edz de estar en el norte y ser parte de lo que creo que es uno de los proyectos m\u00e1s importante que tiene la Argentina que es la reconstrucci\u00f3n del Norte Argentino, con autopistas, con ferrocarril, con empleo, y con educaci\u00f3n de calidad\", exclam\u00f3 Sergio Massa y agreg\u00f3 \"adem\u00e1s tenemos la obligaci\u00f3n de declararle la guerra al narcotr\u00e1fico, proteger las fronteras, estamos planteando la necesidad de que haya 3000 drones cuidando nuestras fronteras para terminar con las filtraciones que tenemos de narcotr\u00e1fico, as\u00ed que esa es la tarea que tenemos por delante y la que vamos a hacer, juntos, trabajando con todos los sectores pol\u00edticos, con el convencimiento de que Argentina tiene futuro\".<\/p>\n<p>Consultado sobre c\u00f3mo visualiza el futuro del pa\u00eds, Massa dijo \"La Argentina que viene es peronista, es radical, es socialista, es independiente, es vecinalista. La Argentina que viene es la Argentina de la unidad, no la de las facciones\".<\/p>\n","protected":false},"excerpt":{"rendered":"<p>El cierre de campa\u00f1a del Frente Renovador en Salta tuvo lugar anoche en la localidad de G\u00fcemes donde una multitud se dio cita para participar del acto. Los candidatos a legisladores provinciales, nacionales, y comunales, de nuestra vecina provincia, como tambi\u00e9n los candidatos a intendentes, compartieron el escenario con Sergio Massa, Juan Carlos Romero y [&hellip;]<\/p>\n","protected":false},"author":1,"featured_media":22856,"comment_status":"open","ping_status":"open","sticky":false,"template":"","format":"standard","meta":{"_stopmodifiedupdate":false,"_modified_date":"","inline_featured_image":false,"spay_email":"","jetpack_publicize_message":""},"categories":[485],"tags":[],"jetpack_featured_media_url":"https:\/\/notinor.com\/jujuy\/wp-content\/uploads\/2015\/04\/fr-jujuy-massa.jpg","jetpack_publicize_connections":[],"_links":{"self":[{"href":"https:\/\/notinor.com\/jujuy\/wp-json\/wp\/v2\/posts\/22855"}],"collection":[{"href":"https:\/\/notinor.com\/jujuy\/wp-json\/wp\/v2\/posts"}],"about":[{"href":"https:\/\/notinor.com\/jujuy\/wp-json\/wp\/v2\/types\/post"}],"author":[{"embeddable":true,"href":"https:\/\/notinor.com\/jujuy\/wp-json\/wp\/v2\/users\/1"}],"replies":[{"embeddable":true,"href":"https:\/\/notinor.com\/jujuy\/wp-json\/wp\/v2\/comments?post=22855"}],"version-history":[{"count":2,"href":"https:\/\/notinor.com\/jujuy\/wp-json\/wp\/v2\/posts\/22855\/revisions"}],"predecessor-version":[{"id":22868,"href":"https:\/\/notinor.com\/jujuy\/wp-json\/wp\/v2\/posts\/22855\/revisions\/22868"}],"wp:featuredmedia":[{"embeddable":true,"href":"https:\/\/notinor.com\/jujuy\/wp-json\/wp\/v2\/media\/22856"}],"wp:attachment":[{"href":"https:\/\/notinor.com\/jujuy\/wp-json\/wp\/v2\/media?parent=22855"}],"wp:term":[{"taxonomy":"category","embeddable":true,"href":"https:\/\/notinor.com\/jujuy\/wp-json\/wp\/v2\/categories?post=22855"},{"taxonomy":"post_tag","embeddable":true,"href":"https:\/\/notinor.com\/jujuy\/wp-json\/wp\/v2\/tags?post=22855"}],"curies":[{"name":"wp","href":"https:\/\/api.w.org\/{rel}","templated":true}]}}