{"id":22362,"date":"2015-04-06T18:59:32","date_gmt":"2015-04-06T21:59:32","guid":{"rendered":"http:\/\/notinor.com\/jujuy\/?p=22362"},"modified":"2015-04-06T22:00:58","modified_gmt":"2015-04-07T01:00:58","slug":"sufrio-un-infarto-en-pleno-viaje","status":"publish","type":"post","link":"https:\/\/notinor.com\/jujuy\/sufrio-un-infarto-en-pleno-viaje\/","title":{"rendered":"Sufri\u00f3 un infarto en pleno viaje"},"content":{"rendered":"<p>El hecho ocurri\u00f3 en el barrio San Pedrito pasado el medio d\u00eda. Un hombre de aproximadamente 60 a\u00f1os (Daniel G.) \u00a0viajaba en el colectivo urbano de la l\u00ednea COOP, cuando en pleno viaje sufri\u00f3 un episodio cardiorespiratorio.<\/p>\n<p>Al sufrir la descompensaci\u00f3n fue auxiliado por el chofer y los pasajeros, junto a los vecinos del barrio 12 de Octubre quienes se aproximaron ante los gritos alarmantes. Descendieron en la parada ubicada en calle Dr. Carrillo y Avda. Azopardo, siendo tarde para su auxilio, donde el hombre ya perdi\u00f3 la vida.<\/p>\n","protected":false},"excerpt":{"rendered":"<p>El hecho ocurri\u00f3 en el barrio San Pedrito pasado el medio d\u00eda. Un hombre de aproximadamente 60 a\u00f1os (Daniel G.) \u00a0viajaba en el colectivo urbano de la l\u00ednea COOP, cuando en pleno viaje sufri\u00f3 un episodio cardiorespiratorio. Al sufrir la descompensaci\u00f3n fue auxiliado por el chofer y los pasajeros, junto a los vecinos del barrio [&hellip;]<\/p>\n","protected":false},"author":1,"featured_media":14673,"comment_status":"open","ping_status":"open","sticky":false,"template":"","format":"standard","meta":{"_stopmodifiedupdate":false,"_modified_date":"","inline_featured_image":false},"categories":[3],"tags":[],"jetpack_featured_media_url":"https:\/\/notinor.com\/jujuy\/wp-content\/uploads\/2015\/01\/colectivos-paro1.jpg","_links":{"self":[{"href":"https:\/\/notinor.com\/jujuy\/wp-json\/wp\/v2\/posts\/22362"}],"collection":[{"href":"https:\/\/notinor.com\/jujuy\/wp-json\/wp\/v2\/posts"}],"about":[{"href":"https:\/\/notinor.com\/jujuy\/wp-json\/wp\/v2\/types\/post"}],"author":[{"embeddable":true,"href":"https:\/\/notinor.com\/jujuy\/wp-json\/wp\/v2\/users\/1"}],"replies":[{"embeddable":true,"href":"https:\/\/notinor.com\/jujuy\/wp-json\/wp\/v2\/comments?post=22362"}],"version-history":[{"count":1,"href":"https:\/\/notinor.com\/jujuy\/wp-json\/wp\/v2\/posts\/22362\/revisions"}],"predecessor-version":[{"id":22363,"href":"https:\/\/notinor.com\/jujuy\/wp-json\/wp\/v2\/posts\/22362\/revisions\/22363"}],"wp:featuredmedia":[{"embeddable":true,"href":"https:\/\/notinor.com\/jujuy\/wp-json\/wp\/v2\/media\/14673"}],"wp:attachment":[{"href":"https:\/\/notinor.com\/jujuy\/wp-json\/wp\/v2\/media?parent=22362"}],"wp:term":[{"taxonomy":"category","embeddable":true,"href":"https:\/\/notinor.com\/jujuy\/wp-json\/wp\/v2\/categories?post=22362"},{"taxonomy":"post_tag","embeddable":true,"href":"https:\/\/notinor.com\/jujuy\/wp-json\/wp\/v2\/tags?post=22362"}],"curies":[{"name":"wp","href":"https:\/\/api.w.org\/{rel}","templated":true}]}}