{"id":218676,"date":"2019-07-27T18:54:48","date_gmt":"2019-07-27T21:54:48","guid":{"rendered":"http:\/\/notinor.com\/jujuy\/?p=218676"},"modified":"2019-07-27T18:54:54","modified_gmt":"2019-07-27T21:54:54","slug":"el-patinador-juan-sanchez-gano-la-primera-medalla-de-oro-para-la-argentina","status":"publish","type":"post","link":"https:\/\/notinor.com\/jujuy\/el-patinador-juan-sanchez-gano-la-primera-medalla-de-oro-para-la-argentina\/","title":{"rendered":"El patinador Juan S\u00e1nchez gan\u00f3 la primera medalla de oro para la Argentina"},"content":{"rendered":"\n<figure class=\"wp-block-image\"><img decoding=\"async\" loading=\"lazy\" width=\"622\" height=\"415\" src=\"http:\/\/notinor.com\/jujuy\/wp-content\/uploads\/2019\/07\/campeon-patin.jpg\" alt=\"\" class=\"wp-image-218678\" srcset=\"https:\/\/notinor.com\/jujuy\/wp-content\/uploads\/2019\/07\/campeon-patin.jpg 622w, https:\/\/notinor.com\/jujuy\/wp-content\/uploads\/2019\/07\/campeon-patin-547x365.jpg 547w, https:\/\/notinor.com\/jujuy\/wp-content\/uploads\/2019\/07\/campeon-patin-400x266.jpg 400w\" sizes=\"(max-width: 622px) 100vw, 622px\" \/><\/figure>\n\n\n\n<p class=\"has-background has-vivid-cyan-blue-background-color\"><strong>Juan Francisco S\u00e1nchez le dio la primera medalla dorada a la Argentina en los Juegos Panamericanos. Lo que se le hab\u00eda escapado a Giselle Soler en patinaje art\u00edstico lo consigui\u00f3 su compa\u00f1ero, que hab\u00eda quedado primero en el programa corto y sum\u00f3 la suficiente cantidad de puntos en el largo para consagrarse como el ganador de la competencia.<\/strong><\/p>\n\n\n\n<p>\"Quiero agradecer a mi mam\u00e1, que me apoya desde el\nprimer instante, incluso m\u00e1s que yo\", fueron sus palabras en referencia a\nSilvia. Y habl\u00f3 de sus inquietudes con el puntaje: \"Cuando termin\u00e9 no\nsab\u00eda qu\u00e9 iba a pasar. La parte art\u00edstica es mi fuerte y termin\u00f3 compensando el\naspecto t\u00e9cnico, en el que igualmente no hubo errores tan graves\".<\/p>\n\n\n\n<p>En el pasillo antes de ingresar a la ceremonia formal de\nentrega de medallas, Juan Francisco empez\u00f3 a dar brincos y se fundi\u00f3 en un\ninterminable abrazo con Giselle Soler, que se dispon\u00eda a subirse al podio de las\nchicas para colgarse la de plata. Los dos, como si fueran ranas, comenzaron a\nsaltar de manera acompasada, cuerpo a cuerpo.<\/p>\n\n\n\n<p>Despu\u00e9s, al patinador le pasaron un tel\u00e9fono celular y\ntembl\u00f3 al agarrarlo. Era su mam\u00e1, la persona que lo toca en las fibras m\u00e1s\n\u00edntimas. Casi no pudo hablar: ensay\u00f3 un suspiro largo, la nariz se le puso roja\ny empez\u00f3 a lagrimear. Fue un di\u00e1logo intenso y breve, apenas para dar cuenta de\nque en ese mismo instante, estaban condensados todo el esfuerzo e ilusiones\nprevias a esta competencia. O m\u00e1s bien, la historia de toda una vida, madre e\nhijo.<\/p>\n\n\n\n<p>Ya en el podio, cuando anunciaron su nombre asociado con el\noro del pat\u00edn art\u00edstico, salud\u00f3 con las dos manos y jam\u00e1s abandon\u00f3 esa sonrisa\np\u00edcara, de dientes brillantes.<\/p>\n\n\n\n<p>El flamante campe\u00f3n panamericano empez\u00f3 a patinar en Rosario, en el club Estrella Azul y despu\u00e9s se cambi\u00f3 al club Social Deportivo La Gloria, en el barrio Empalme Graneros, con las profesoras Daina y Noel Izquierdo, que fueron quienes lo promovieron al nivel B y lo guiaron hasta la categor\u00eda internacional. Luego se mud\u00f3 a Buenos Aires a entrenarse con Walter Iglesias y Gast\u00f3n Pasini en el Club Lan\u00fas, en donde sigue entren\u00e1ndose.<\/p>\n\n\n\n<figure class=\"wp-block-image\"><img decoding=\"async\" loading=\"lazy\" width=\"604\" height=\"454\" src=\"http:\/\/notinor.com\/jujuy\/wp-content\/uploads\/2019\/07\/campeon-patin1.jpg\" alt=\"\" class=\"wp-image-218679\" srcset=\"https:\/\/notinor.com\/jujuy\/wp-content\/uploads\/2019\/07\/campeon-patin1.jpg 604w, https:\/\/notinor.com\/jujuy\/wp-content\/uploads\/2019\/07\/campeon-patin1-486x365.jpg 486w\" sizes=\"(max-width: 604px) 100vw, 604px\" \/><\/figure>\n\n\n\n<p>Fuen La Naci\u00f3n<\/p>\n","protected":false},"excerpt":{"rendered":"<p>Juan Francisco S\u00e1nchez le dio la primera medalla dorada a la Argentina en los Juegos Panamericanos. Lo que se le hab\u00eda escapado a Giselle Soler en patinaje art\u00edstico lo consigui\u00f3 su compa\u00f1ero, que hab\u00eda quedado primero en el programa corto y sum\u00f3 la suficiente cantidad de puntos en el largo para consagrarse como el ganador [&hellip;]<\/p>\n","protected":false},"author":5,"featured_media":218677,"comment_status":"open","ping_status":"open","sticky":false,"template":"","format":"standard","meta":{"_stopmodifiedupdate":false,"_modified_date":"","inline_featured_image":false,"spay_email":"","jetpack_publicize_message":""},"categories":[7],"tags":[],"jetpack_featured_media_url":"https:\/\/notinor.com\/jujuy\/wp-content\/uploads\/2019\/07\/campeon-olimpico.jpg","jetpack_publicize_connections":[],"_links":{"self":[{"href":"https:\/\/notinor.com\/jujuy\/wp-json\/wp\/v2\/posts\/218676"}],"collection":[{"href":"https:\/\/notinor.com\/jujuy\/wp-json\/wp\/v2\/posts"}],"about":[{"href":"https:\/\/notinor.com\/jujuy\/wp-json\/wp\/v2\/types\/post"}],"author":[{"embeddable":true,"href":"https:\/\/notinor.com\/jujuy\/wp-json\/wp\/v2\/users\/5"}],"replies":[{"embeddable":true,"href":"https:\/\/notinor.com\/jujuy\/wp-json\/wp\/v2\/comments?post=218676"}],"version-history":[{"count":1,"href":"https:\/\/notinor.com\/jujuy\/wp-json\/wp\/v2\/posts\/218676\/revisions"}],"predecessor-version":[{"id":218680,"href":"https:\/\/notinor.com\/jujuy\/wp-json\/wp\/v2\/posts\/218676\/revisions\/218680"}],"wp:featuredmedia":[{"embeddable":true,"href":"https:\/\/notinor.com\/jujuy\/wp-json\/wp\/v2\/media\/218677"}],"wp:attachment":[{"href":"https:\/\/notinor.com\/jujuy\/wp-json\/wp\/v2\/media?parent=218676"}],"wp:term":[{"taxonomy":"category","embeddable":true,"href":"https:\/\/notinor.com\/jujuy\/wp-json\/wp\/v2\/categories?post=218676"},{"taxonomy":"post_tag","embeddable":true,"href":"https:\/\/notinor.com\/jujuy\/wp-json\/wp\/v2\/tags?post=218676"}],"curies":[{"name":"wp","href":"https:\/\/api.w.org\/{rel}","templated":true}]}}