{"id":21809,"date":"2015-04-01T09:03:07","date_gmt":"2015-04-01T12:03:07","guid":{"rendered":"http:\/\/notinor.com\/jujuy\/?p=21809"},"modified":"2015-04-01T09:07:13","modified_gmt":"2015-04-01T12:07:13","slug":"coloccini-hector-oscar-q-e-p-d","status":"publish","type":"post","link":"https:\/\/notinor.com\/jujuy\/coloccini-hector-oscar-q-e-p-d\/","title":{"rendered":"COLOCCINI, Hector Oscar (Q.E.P.D.)"},"content":{"rendered":"<p>Falleci\u00f3 el d\u00eda 31 de marzo de 2015. C.A.S.R. y B.P. a la edad de 69 a\u00f1os. Eduardo Segovia y flia. participan con profundo dolor su fallecimiento comunican a su amistades y persona piadosas que \u00a0sus restos ser\u00e1n trasladados, hoy 01 de abril a hs. 16:30, para su cremaci\u00f3n. FAE Casa de duelo: Salas Arenales, Arenales 1145. Ritual de homenaje Empresa La Piedad, Salta 727. Tel\u00e9fono 4222487. L\u00ednea gratuita 0800-444-5274.<\/p>\n","protected":false},"excerpt":{"rendered":"<p>Falleci\u00f3 el d\u00eda 31 de marzo de 2015. C.A.S.R. y B.P. a la edad de 69 a\u00f1os. Eduardo Segovia y flia. participan con profundo dolor su fallecimiento comunican a su amistades y persona piadosas que \u00a0sus restos ser\u00e1n trasladados, hoy 01 de abril a hs. 16:30, para su cremaci\u00f3n. FAE Casa de duelo: Salas Arenales, [&hellip;]<\/p>\n","protected":false},"author":5,"featured_media":18110,"comment_status":"open","ping_status":"open","sticky":false,"template":"","format":"standard","meta":{"_stopmodifiedupdate":false,"_modified_date":"","inline_featured_image":false},"categories":[18],"tags":[],"jetpack_featured_media_url":"https:\/\/notinor.com\/jujuy\/wp-content\/uploads\/2015\/03\/Obituarios.jpg","_links":{"self":[{"href":"https:\/\/notinor.com\/jujuy\/wp-json\/wp\/v2\/posts\/21809"}],"collection":[{"href":"https:\/\/notinor.com\/jujuy\/wp-json\/wp\/v2\/posts"}],"about":[{"href":"https:\/\/notinor.com\/jujuy\/wp-json\/wp\/v2\/types\/post"}],"author":[{"embeddable":true,"href":"https:\/\/notinor.com\/jujuy\/wp-json\/wp\/v2\/users\/5"}],"replies":[{"embeddable":true,"href":"https:\/\/notinor.com\/jujuy\/wp-json\/wp\/v2\/comments?post=21809"}],"version-history":[{"count":2,"href":"https:\/\/notinor.com\/jujuy\/wp-json\/wp\/v2\/posts\/21809\/revisions"}],"predecessor-version":[{"id":21813,"href":"https:\/\/notinor.com\/jujuy\/wp-json\/wp\/v2\/posts\/21809\/revisions\/21813"}],"wp:featuredmedia":[{"embeddable":true,"href":"https:\/\/notinor.com\/jujuy\/wp-json\/wp\/v2\/media\/18110"}],"wp:attachment":[{"href":"https:\/\/notinor.com\/jujuy\/wp-json\/wp\/v2\/media?parent=21809"}],"wp:term":[{"taxonomy":"category","embeddable":true,"href":"https:\/\/notinor.com\/jujuy\/wp-json\/wp\/v2\/categories?post=21809"},{"taxonomy":"post_tag","embeddable":true,"href":"https:\/\/notinor.com\/jujuy\/wp-json\/wp\/v2\/tags?post=21809"}],"curies":[{"name":"wp","href":"https:\/\/api.w.org\/{rel}","templated":true}]}}