{"id":21773,"date":"2015-04-01T00:48:09","date_gmt":"2015-04-01T03:48:09","guid":{"rendered":"http:\/\/notinor.com\/jujuy\/?p=21773"},"modified":"2015-04-01T00:48:09","modified_gmt":"2015-04-01T03:48:09","slug":"judo-pareto-ascendio-al-tercer-puesto-del-ranking-mundial","status":"publish","type":"post","link":"https:\/\/notinor.com\/jujuy\/judo-pareto-ascendio-al-tercer-puesto-del-ranking-mundial\/","title":{"rendered":"Judo Pareto ascendi\u00f3 al tercer puesto del ranking mundial"},"content":{"rendered":"<p>La bonaerense, bronce en los Juegos Ol\u00edmpicos de Beijing 2008 en la categor\u00eda 48 kilos, ascendi\u00f3 del cuarto al tercer puesto del ranking mundial de la Federaci\u00f3n Internacional de Judo tras ganar el s\u00e1bado \u00faltimo el Grand Prix de Samsun, Turqu\u00eda, que le vali\u00f3 la tercera medalla de oro consecutiva en 2015.<\/p>\n<p>\"Es algo important\u00edsimo porque habla de mi actualidad deportiva y de un proceso porque es muy dif\u00edcil mantenerse en un puesto, mantenerse y m\u00e1s aumentarlo especialmente en una categor\u00eda tan peleada como en la que estoy\", manifest\u00f3 Pareto a T\u00e9lam.<\/p>\n<p>'La Peque', de 29 a\u00f1os, subcampeona mundial 2014 en Chelyabinsk, Rusia, derrot\u00f3 en Turqu\u00eda a la rusa Kristina Rumyantseva -bronce en el campeonato europeo del a\u00f1o pasado- en octavos de final y luego super\u00f3, en cuartos, a Gerelmaa Erdenetsogt, de Mongolia.<\/p>\n<p>En semifinales bati\u00f3 a la rumana M\u00f3nica Ungureanu -vencedora del Grand Prix de Qindao (China) y de Zagreb (Croacia) 2014- y bati\u00f3 la brasile\u00f1a Nathalia Brigida (32da. en el ranking de este a\u00f1o) en el combate definitorio.<\/p>\n<p>Pareto, en el marco de su preparaci\u00f3n para los Juegos Panamericanos de Toronto, Canad\u00e1, en julio, y el Mundial de Kazajist\u00e1n, en agosto, conquist\u00f3 as\u00ed en Turquia su tercera medalla de oro en el a\u00f1o ya que gan\u00f3 el Open Panamericano de Santiago de Chile, el 7 de marzo pasado, y tambi\u00e9n el Open Panamericano de Buenos Aires, el s\u00e1bado pasado, en el Centro Nacional de Alto Rendimiento Deportivo (Cenard), del barrio porte\u00f1o de N\u00fa\u00f1ez.<\/p>\n<p>Pareto gan\u00f3 la medalla de bronce en los Juegos Panamericanos de R\u00ed\u00ado de Janeiro 2007, la de oro en los de Guadalajara, M\u00e9xico, 2011 y el diploma ol\u00edmpico en los Juegos de Londres 2012, al finalizar en el quinto puesto.<\/p>\n<p>La judoca, becada por la Secretar\u00eda de Deporte de la Naci\u00f3n y el Ente Nacional de Alto Rendimiento Deportivo (Enard), disputar\u00e1 su cuarta competencia del a\u00f1o en el Panamericano de la especialidad en Edmonton, Canada, del 23 al 25 de abril.<\/p>\n<p>Adem\u00e1s, Oritia Gonz\u00e1lez (-52 kg) est\u00e1 en el puesto 54to; Gabriela Narv\u00e1ez (-57 kg) en el 62o; Samantha Kessler (+78 kg) en el 63ro, ABi Cardozo (-52) el 68vo y Melissa Rodr\u00edguez (-57 kg) ocupa el lugar 73ro y \u00ba Paula Delfino (-57 kg) el 93ro.<\/p>\n<p>En varones, el mejor ubicado es el tucumano Emmanuel Lucenti (-81 kg) en el puesto 34to, seguido por el rionegrino (-100 kg) en el lugar 47no.<\/p>\n<p>&nbsp;<\/p>\n","protected":false},"excerpt":{"rendered":"<p>La bonaerense, bronce en los Juegos Ol\u00edmpicos de Beijing 2008 en la categor\u00eda 48 kilos, ascendi\u00f3 del cuarto al tercer puesto del ranking mundial de la Federaci\u00f3n Internacional de Judo tras ganar el s\u00e1bado \u00faltimo el Grand Prix de Samsun, Turqu\u00eda, que le vali\u00f3 la tercera medalla de oro consecutiva en 2015. \"Es algo important\u00edsimo [&hellip;]<\/p>\n","protected":false},"author":1,"featured_media":21774,"comment_status":"open","ping_status":"open","sticky":false,"template":"","format":"standard","meta":{"_stopmodifiedupdate":false,"_modified_date":"","inline_featured_image":false},"categories":[7],"tags":[],"jetpack_featured_media_url":"https:\/\/notinor.com\/jujuy\/wp-content\/uploads\/2015\/04\/judo.jpg","_links":{"self":[{"href":"https:\/\/notinor.com\/jujuy\/wp-json\/wp\/v2\/posts\/21773"}],"collection":[{"href":"https:\/\/notinor.com\/jujuy\/wp-json\/wp\/v2\/posts"}],"about":[{"href":"https:\/\/notinor.com\/jujuy\/wp-json\/wp\/v2\/types\/post"}],"author":[{"embeddable":true,"href":"https:\/\/notinor.com\/jujuy\/wp-json\/wp\/v2\/users\/1"}],"replies":[{"embeddable":true,"href":"https:\/\/notinor.com\/jujuy\/wp-json\/wp\/v2\/comments?post=21773"}],"version-history":[{"count":1,"href":"https:\/\/notinor.com\/jujuy\/wp-json\/wp\/v2\/posts\/21773\/revisions"}],"predecessor-version":[{"id":21775,"href":"https:\/\/notinor.com\/jujuy\/wp-json\/wp\/v2\/posts\/21773\/revisions\/21775"}],"wp:featuredmedia":[{"embeddable":true,"href":"https:\/\/notinor.com\/jujuy\/wp-json\/wp\/v2\/media\/21774"}],"wp:attachment":[{"href":"https:\/\/notinor.com\/jujuy\/wp-json\/wp\/v2\/media?parent=21773"}],"wp:term":[{"taxonomy":"category","embeddable":true,"href":"https:\/\/notinor.com\/jujuy\/wp-json\/wp\/v2\/categories?post=21773"},{"taxonomy":"post_tag","embeddable":true,"href":"https:\/\/notinor.com\/jujuy\/wp-json\/wp\/v2\/tags?post=21773"}],"curies":[{"name":"wp","href":"https:\/\/api.w.org\/{rel}","templated":true}]}}