{"id":21772,"date":"2015-04-01T00:56:04","date_gmt":"2015-04-01T03:56:04","guid":{"rendered":"http:\/\/notinor.com\/jujuy\/?p=21772"},"modified":"2015-04-01T00:56:04","modified_gmt":"2015-04-01T03:56:04","slug":"que-expectativas-puede-haber-en-una-monarquia","status":"publish","type":"post","link":"https:\/\/notinor.com\/jujuy\/que-expectativas-puede-haber-en-una-monarquia\/","title":{"rendered":"\u00bfQu\u00e9 expectativas puede haber en una  monarqu\u00eda?"},"content":{"rendered":"<p>Discurso de Fellner \u00a0hoy a las 18hs<\/p>\n<p><strong>Hoy el gobernador de Jujuy abrir\u00e1 un nuevo per\u00edodo de sesiones ordinarias. No hay en la oposici\u00f3n, ni en la sociedad ninguna expectativa respecto del discurso del gobernador, quien carga con decenas de promesas incumplidas y graves omisiones al mandato constitucional.<\/strong><\/p>\n<p>01.04.2015 || El gobernador Eduardo Fellner abrir\u00e1 en la jornada de hoy, desde las 18 hs, un nuevo per\u00edodo de sesiones ordinarias en La Legislatura de Jujuy. Fellner quien se encuentra en la conducci\u00f3n del Consejo Nacional del PJ, hoy esta debilitado tras 18 a\u00f1os como gobernador de Jujuy, donde el ajetreo de la administraci\u00f3n p\u00fablica, deterior\u00f3 su gesti\u00f3n, adem\u00e1s de su salud.<\/p>\n<p>Nadie escapa al desgaste de casi dos d\u00e9cadas de conducci\u00f3n, pero en el ocaso Fellner tambi\u00e9n recibe los efectos de la ca\u00edda del kirchenrismo, al cual se encuentra adherido a pesar de su entendimiento con Daniel Scioli.<\/p>\n<p>Las cr\u00edticas a su gobierno en Jujuy abundan, \u00a0no solo desde la oposici\u00f3n, sino desde una sociedad mas informada, desde donde las encuestas de opini\u00f3n desaprueban la gesti\u00f3n de Fellner en un porcentaje lapidario -67%-.<\/p>\n<p>Este significativo deterioro de la imagen de Fellner, mereci\u00f3 que los intendentes y comisionados d\u00edas atr\u00e1s realizaran una solicitada para respaldar al gobernador como conductor.<\/p>\n<p>En este mismo sentido, hoy a la tarde, se movilizar\u00e1n desde los municipios varios colectivos para sostener el discurso de Eduardo Fellner, buscando intimidar a los alfiles que pusieron los ojos en la sucesi\u00f3n.<\/p>\n<p>Las pr\u00e1cticas de movilizar \u201cTe doy, me debes, asi que sub\u00ed\u201d, no hacen m\u00e1s que socavar los caminos hacia la permanencia de quien jur\u00f3: \u201cnunca fui, ni ser\u00e9 peronista\u201d. La imagen de colectivos cargados de seres humanos llevados por promesas u obligados, es una violaci\u00f3n a los derechos humanos, ya que no son libres de pensamiento, siendo abusados por su condici\u00f3n de vulnerabilidad; pero a justicia leg\u00edtima esto no le interesa.<\/p>\n<p>As\u00ed, el centro de la atenci\u00f3n, mas all\u00e1 del folklore del bombo peronista, estar\u00e1 en el discurso del mandatario, acaso el \u00faltimo. Se espera sin embargo que el gobernador realice alg\u00fan anuncio que brinde esperanzas a los juje\u00f1os de encontrar mejoras en la recta final de su gesti\u00f3n.<\/p>\n<p>La coparticipaci\u00f3n a los municipios, a pesar que la prometi\u00f3 apenas asumi\u00f3 su tercer mandato nunca se efectu\u00f3. El deterioro de las econom\u00edas regionales tabacaleras, azucareras y citr\u00edcolas seguramente ser\u00e1n ignoradas como lo viene realizando los \u00faltimos a\u00f1os.<\/p>\n<p>El Sr. Gobernador se encargar\u00e1 de leer cifras y estad\u00edsticas al estilo CFK, con referencias cuestionadas, que tendr\u00e1n como fuentes al INDEC, donde para evitar estigmatizar varios aspectos de la realidad omiten la verdad.<\/p>\n<p>Fellner seguramente sepultar\u00e1 a la mitad de los juje\u00f1os alcanzados seg\u00fan una reciente evaluaci\u00f3n (Evaluacom) por los indices de pobrezas 48,5%.<\/p>\n<p>El gobernador, terminar\u00e1 su mandato y su trayectoria pol\u00edtica de 18 a\u00f1os como gobernador, sin haber rendido jam\u00e1s cuentas, siendo tal necedad un r\u00e9cord para el libro guinness, violando permanentemente las disposiciones de la CP, la misma que ahora intenta reformar; \u00bfpara que? si la existente es ignorada.<\/p>\n","protected":false},"excerpt":{"rendered":"<p>Discurso de Fellner \u00a0hoy a las 18hs Hoy el gobernador de Jujuy abrir\u00e1 un nuevo per\u00edodo de sesiones ordinarias. No hay en la oposici\u00f3n, ni en la sociedad ninguna expectativa respecto del discurso del gobernador, quien carga con decenas de promesas incumplidas y graves omisiones al mandato constitucional. 01.04.2015 || El gobernador Eduardo Fellner abrir\u00e1 [&hellip;]<\/p>\n","protected":false},"author":1,"featured_media":21776,"comment_status":"open","ping_status":"open","sticky":false,"template":"","format":"standard","meta":{"_stopmodifiedupdate":false,"_modified_date":"","inline_featured_image":false},"categories":[2],"tags":[],"jetpack_featured_media_url":"https:\/\/notinor.com\/jujuy\/wp-content\/uploads\/2015\/04\/Notinor.-eduardo-fellner-ultimo-discurso.png","_links":{"self":[{"href":"https:\/\/notinor.com\/jujuy\/wp-json\/wp\/v2\/posts\/21772"}],"collection":[{"href":"https:\/\/notinor.com\/jujuy\/wp-json\/wp\/v2\/posts"}],"about":[{"href":"https:\/\/notinor.com\/jujuy\/wp-json\/wp\/v2\/types\/post"}],"author":[{"embeddable":true,"href":"https:\/\/notinor.com\/jujuy\/wp-json\/wp\/v2\/users\/1"}],"replies":[{"embeddable":true,"href":"https:\/\/notinor.com\/jujuy\/wp-json\/wp\/v2\/comments?post=21772"}],"version-history":[{"count":1,"href":"https:\/\/notinor.com\/jujuy\/wp-json\/wp\/v2\/posts\/21772\/revisions"}],"predecessor-version":[{"id":21777,"href":"https:\/\/notinor.com\/jujuy\/wp-json\/wp\/v2\/posts\/21772\/revisions\/21777"}],"wp:featuredmedia":[{"embeddable":true,"href":"https:\/\/notinor.com\/jujuy\/wp-json\/wp\/v2\/media\/21776"}],"wp:attachment":[{"href":"https:\/\/notinor.com\/jujuy\/wp-json\/wp\/v2\/media?parent=21772"}],"wp:term":[{"taxonomy":"category","embeddable":true,"href":"https:\/\/notinor.com\/jujuy\/wp-json\/wp\/v2\/categories?post=21772"},{"taxonomy":"post_tag","embeddable":true,"href":"https:\/\/notinor.com\/jujuy\/wp-json\/wp\/v2\/tags?post=21772"}],"curies":[{"name":"wp","href":"https:\/\/api.w.org\/{rel}","templated":true}]}}