{"id":21750,"date":"2015-04-01T00:53:13","date_gmt":"2015-04-01T03:53:13","guid":{"rendered":"http:\/\/notinor.com\/jujuy\/?p=21750"},"modified":"2015-03-31T23:53:30","modified_gmt":"2015-04-01T02:53:30","slug":"programa-de-actos-en-conmemoracion-de-la-guerra-de-malvinas","status":"publish","type":"post","link":"https:\/\/notinor.com\/jujuy\/programa-de-actos-en-conmemoracion-de-la-guerra-de-malvinas\/","title":{"rendered":"Programa de actos en conmemoraci\u00f3n  de la Guerra de Malvinas"},"content":{"rendered":"<h4>El Gobierno de la Provincia dio a conocer los actos oficiales programados para conmemorar el \u201c33 Aniversario de la Guerra de Malvinas\u201d y \u201cD\u00eda del Veterano y de los Ca\u00eddos en la Guerra de Malvinas\u201d que se desarrollar\u00e1 el d\u00eda 2 de Abril en la ciudad de Palpal\u00e1; mientras que\u00a0hoy\u00a0habr\u00e1 una retreta en plaza Belgrano de nuestra ciudad.<\/h4>\n<p>&nbsp;<\/p>\n<p>En Palpal\u00e1, en la plaza que recuerda a los Ca\u00eddos en Malvinas ubicada en Avda. del Congreso y R\u00edo Paran\u00e1, a partir de las 9:30 habr\u00e1 concentraci\u00f3n de las delegaciones participantes. A las 10:00 se efectuar\u00e1 la recepci\u00f3n de autoridades e invitados especiales; continuar\u00e1 con la presentaci\u00f3n y saludo a la formaci\u00f3n \u201c2 de Abril\u201d y ser\u00e1n izadas las ense\u00f1as patrias nacional y provincial, entonaci\u00f3n de las estrofas del Himno Nacional Argentino y colocaci\u00f3n de ofrendas florales.<\/p>\n<p>Posteriormente se guardar\u00e1 un minuto de silencio en homenaje a los \u201cSoldados de la Guerra de Malvinas\u201d y una invocaci\u00f3n religiosa, palabras alusivas y se entonar\u00e1 la Marcha a las Malvinas. Luego del retiro de las Banderas de ceremonias, las autoridades dejar\u00e1n inaugurado el Museo y Biblioteca digital \u201cH\u00e9roes de Malvinas\u201d con el posterior corte de cintas y descubrimiento de placa.<\/p>\n<p>A las 10:30 y sobre avenida del Congreso se realizar\u00e1 el desfile c\u00edvico-militar y a las 18:00 horas se proceder\u00e1 a arriar los s\u00edmbolos patrios.<br \/>\n<strong><br \/>\nEn nuestra Ciudad<br \/>\n<\/strong><br \/>\nEn tanto, que hoy\u00a0en nuestra Ciudad capital a las 09:00 en el Atrio de Iglesia Catedral, integrantes del Centro de Veteranos de Guerra de Malvinas en Jujuy efectuar\u00e1n en izamiento de las Banderas nacional y provincial.<\/p>\n<p>A las 20:00 en Plaza Belgrano habr\u00e1 una retreta a cargo de la banda de m\u00fasica de la Polic\u00eda de la Provincia en homenaje a los 649 h\u00e9roes que ofrendaron su vida por nuestras Malvinas y proseguir\u00e1 con un festival folkl\u00f3rico denominado \u201cJujuy canta a los H\u00e9roes de Malvinas\u201d con participaci\u00f3n de ballet y grupos musicales.<\/p>\n<p>Y, en el primer minuto del d\u00eda 02 de abril ser\u00e1n entonadas las estrofas del Himno Nacional Argentino y de la Marcha de las Malvinas, interpretadas por la banda de m\u00fasica de la Guarnici\u00f3n \u201cEj\u00e9rcito Jujuy\u201d.<\/p>\n<p>A estos actos, organizados por el Gobierno provincial y el Centro de Veteranos de Malvinas, fue invitada toda la ciudadan\u00eda a participar y rendir un justo homenaje a los h\u00e9roes de nuestra patria y en especial a los juje\u00f1os.<\/p>\n","protected":false},"excerpt":{"rendered":"<p>El Gobierno de la Provincia dio a conocer los actos oficiales programados para conmemorar el \u201c33 Aniversario de la Guerra de Malvinas\u201d y \u201cD\u00eda del Veterano y de los Ca\u00eddos en la Guerra de Malvinas\u201d que se desarrollar\u00e1 el d\u00eda 2 de Abril en la ciudad de Palpal\u00e1; mientras que\u00a0hoy\u00a0habr\u00e1 una retreta en plaza Belgrano [&hellip;]<\/p>\n","protected":false},"author":1,"featured_media":21631,"comment_status":"open","ping_status":"open","sticky":false,"template":"","format":"standard","meta":{"_stopmodifiedupdate":false,"_modified_date":"","inline_featured_image":false},"categories":[2],"tags":[],"jetpack_featured_media_url":"https:\/\/notinor.com\/jujuy\/wp-content\/uploads\/2015\/03\/heroes-de-malvinas.jpg","_links":{"self":[{"href":"https:\/\/notinor.com\/jujuy\/wp-json\/wp\/v2\/posts\/21750"}],"collection":[{"href":"https:\/\/notinor.com\/jujuy\/wp-json\/wp\/v2\/posts"}],"about":[{"href":"https:\/\/notinor.com\/jujuy\/wp-json\/wp\/v2\/types\/post"}],"author":[{"embeddable":true,"href":"https:\/\/notinor.com\/jujuy\/wp-json\/wp\/v2\/users\/1"}],"replies":[{"embeddable":true,"href":"https:\/\/notinor.com\/jujuy\/wp-json\/wp\/v2\/comments?post=21750"}],"version-history":[{"count":2,"href":"https:\/\/notinor.com\/jujuy\/wp-json\/wp\/v2\/posts\/21750\/revisions"}],"predecessor-version":[{"id":21757,"href":"https:\/\/notinor.com\/jujuy\/wp-json\/wp\/v2\/posts\/21750\/revisions\/21757"}],"wp:featuredmedia":[{"embeddable":true,"href":"https:\/\/notinor.com\/jujuy\/wp-json\/wp\/v2\/media\/21631"}],"wp:attachment":[{"href":"https:\/\/notinor.com\/jujuy\/wp-json\/wp\/v2\/media?parent=21750"}],"wp:term":[{"taxonomy":"category","embeddable":true,"href":"https:\/\/notinor.com\/jujuy\/wp-json\/wp\/v2\/categories?post=21750"},{"taxonomy":"post_tag","embeddable":true,"href":"https:\/\/notinor.com\/jujuy\/wp-json\/wp\/v2\/tags?post=21750"}],"curies":[{"name":"wp","href":"https:\/\/api.w.org\/{rel}","templated":true}]}}