{"id":21747,"date":"2015-04-01T00:39:34","date_gmt":"2015-04-01T03:39:34","guid":{"rendered":"http:\/\/notinor.com\/jujuy\/?p=21747"},"modified":"2015-03-31T23:41:58","modified_gmt":"2015-04-01T02:41:58","slug":"se-dio-inicio-al-bailandino-de-la-mano-del-movete-en-familia","status":"publish","type":"post","link":"https:\/\/notinor.com\/jujuy\/se-dio-inicio-al-bailandino-de-la-mano-del-movete-en-familia\/","title":{"rendered":"Se dio inicio al  \u201cBailandino\u201d de la mano del Movete en Familia"},"content":{"rendered":"<p>La Municipalidad de San Salvador de Jujuy a trav\u00e9s del\u00a0 programa \u201cMovete en Familia\u201d, que realiza la Direcci\u00f3n de Deporte y Recreaci\u00f3n, se dio inicio al Programa Bailandino conjuntamente con la Direcci\u00f3n de Cultura.<\/p>\n<p>Se dio inicio a la nueva iniciativa conjunta, surgida desde la Direcci\u00f3n de Deportes y de\u00a0 Cultura del municipio capitalino, englobada en el nuevo Programa que se propone para los vecinos, el Bailandino que incorpora a las actividades saludables y ritmos caribe\u00f1os, bachatas y gimnasia aer\u00f3bica, que viene desarrollando el Movete en Familia,\u00a0 a la m\u00fasica y ritmos andinos propios de la zona noroeste como ser sayas tinkus, morenadas, carnavalitos, bailecitos y cuecas entre otros.<\/p>\n<p>En la oportunidad, el Director de Deportes y Recreaci\u00f3n Jos\u00e9 Crespo, inform\u00f3 \u201cdentro del programa Movete en Familia se incorpora el Bailandino en conjunto, articulando con la Direcci\u00f3n de Cultura con Jos\u00e9 Rodr\u00edguez B\u00e1rcena y esta es la idea de poder articular y llevar este tipo de propuestas adelante, aunando dos culturas a trav\u00e9s de dos Direcciones\u201d.<\/p>\n<p>\u201choy nos acompa\u00f1\u00f3 en vivo el grupo Inti Marka que se viene sumando ya en diferentes eventos, con las caracter\u00edsticas andinas como ser la Pachamama y el Inti Raimi, es decir que venimos trabajando en pos de lo que a la gente le gusta, las ra\u00edces andinas\u00a0 que est\u00e1n muy arraigadas en nuestra gente\u00a0 y esta es una\u00a0 manera de que la gente se divierta ejercite y baile, es lo que hace a la cultura de la actividad f\u00edsica para lograr\u00a0 mejorar la calidad de vida\u201d.<\/p>\n<p>Por otro lado Jos\u00e9 Rodr\u00edguez B\u00e1rcena, Director de Cultura,\u00a0 manifest\u00f3 \u201cesta es una idea que se origin\u00f3 el a\u00f1o pasado,\u00a0 se empez\u00f3 a pensar junto al profesor Crespo esta posibilidad\u00a0 y como siempre\u00a0 se vino trabajando positivamente entre ambas direcciones, se pens\u00f3 la posibilidad\u00a0 de unir una propuesta de actividad f\u00edsica ligada a la cultura de la zona andina por lo que planeo un entrenamiento con ritmos Andinos, juje\u00f1os caracter\u00edsticos de distintas regiones y luego ampliando con sayas tinkus y la samba para poder hacer la relajaci\u00f3n\u201d.<\/p>\n<p>Estuvieron presentes en esta presentaci\u00f3n el grupo Inti Marka y la agrupaci\u00f3n Sangre Caporal que gano el primer premio en sayas en los pasados Corsos capitalinos.<\/p>\n","protected":false},"excerpt":{"rendered":"<p>La Municipalidad de San Salvador de Jujuy a trav\u00e9s del\u00a0 programa \u201cMovete en Familia\u201d, que realiza la Direcci\u00f3n de Deporte y Recreaci\u00f3n, se dio inicio al Programa Bailandino conjuntamente con la Direcci\u00f3n de Cultura. Se dio inicio a la nueva iniciativa conjunta, surgida desde la Direcci\u00f3n de Deportes y de\u00a0 Cultura del municipio capitalino, englobada [&hellip;]<\/p>\n","protected":false},"author":1,"featured_media":21748,"comment_status":"open","ping_status":"open","sticky":false,"template":"","format":"standard","meta":{"_stopmodifiedupdate":false,"_modified_date":"","inline_featured_image":false},"categories":[2],"tags":[],"jetpack_featured_media_url":"https:\/\/notinor.com\/jujuy\/wp-content\/uploads\/2015\/03\/Crespo-y-Barcena-2.jpg","_links":{"self":[{"href":"https:\/\/notinor.com\/jujuy\/wp-json\/wp\/v2\/posts\/21747"}],"collection":[{"href":"https:\/\/notinor.com\/jujuy\/wp-json\/wp\/v2\/posts"}],"about":[{"href":"https:\/\/notinor.com\/jujuy\/wp-json\/wp\/v2\/types\/post"}],"author":[{"embeddable":true,"href":"https:\/\/notinor.com\/jujuy\/wp-json\/wp\/v2\/users\/1"}],"replies":[{"embeddable":true,"href":"https:\/\/notinor.com\/jujuy\/wp-json\/wp\/v2\/comments?post=21747"}],"version-history":[{"count":1,"href":"https:\/\/notinor.com\/jujuy\/wp-json\/wp\/v2\/posts\/21747\/revisions"}],"predecessor-version":[{"id":21749,"href":"https:\/\/notinor.com\/jujuy\/wp-json\/wp\/v2\/posts\/21747\/revisions\/21749"}],"wp:featuredmedia":[{"embeddable":true,"href":"https:\/\/notinor.com\/jujuy\/wp-json\/wp\/v2\/media\/21748"}],"wp:attachment":[{"href":"https:\/\/notinor.com\/jujuy\/wp-json\/wp\/v2\/media?parent=21747"}],"wp:term":[{"taxonomy":"category","embeddable":true,"href":"https:\/\/notinor.com\/jujuy\/wp-json\/wp\/v2\/categories?post=21747"},{"taxonomy":"post_tag","embeddable":true,"href":"https:\/\/notinor.com\/jujuy\/wp-json\/wp\/v2\/tags?post=21747"}],"curies":[{"name":"wp","href":"https:\/\/api.w.org\/{rel}","templated":true}]}}