{"id":21744,"date":"2015-04-01T02:38:49","date_gmt":"2015-04-01T05:38:49","guid":{"rendered":"http:\/\/notinor.com\/jujuy\/?p=21744"},"modified":"2015-04-01T02:49:13","modified_gmt":"2015-04-01T05:49:13","slug":"semana-santa-2015-exposicion-de-ermitas","status":"publish","type":"post","link":"https:\/\/notinor.com\/jujuy\/semana-santa-2015-exposicion-de-ermitas\/","title":{"rendered":"Semana Santa 2015: Exposici\u00f3n de Ermitas"},"content":{"rendered":"<p>En el marco de la proximidad de la celebraci\u00f3n de Semana Santa, la Secretaria de Planificaci\u00f3n y Desarrollo y la Secretaria de Cultura de la Municipalidad de San Salvador de Jujuy invita a la exposici\u00f3n de las Ermitas a realizarse en la plazoleta de la Democracia del municipio capitalino.<\/p>\n<p>Se invita a todos los vecinos de la ciudad a acercarse en esta \u00e9poca de recogimiento y celebraci\u00f3n familiar a la Plazoleta de la Democracia, hoy porla ma\u00f1ana,\u00a0a las 10hs donde se llevara a cabo exposici\u00f3n de Ermitas con la bendici\u00f3n del Padre Luis.<\/p>\n","protected":false},"excerpt":{"rendered":"<p>En el marco de la proximidad de la celebraci\u00f3n de Semana Santa, la Secretaria de Planificaci\u00f3n y Desarrollo y la Secretaria de Cultura de la Municipalidad de San Salvador de Jujuy invita a la exposici\u00f3n de las Ermitas a realizarse en la plazoleta de la Democracia del municipio capitalino. Se invita a todos los vecinos [&hellip;]<\/p>\n","protected":false},"author":1,"featured_media":21745,"comment_status":"open","ping_status":"open","sticky":false,"template":"","format":"standard","meta":{"_stopmodifiedupdate":false,"_modified_date":"","inline_featured_image":false},"categories":[13],"tags":[],"jetpack_featured_media_url":"https:\/\/notinor.com\/jujuy\/wp-content\/uploads\/2015\/03\/ermitas.jpg","_links":{"self":[{"href":"https:\/\/notinor.com\/jujuy\/wp-json\/wp\/v2\/posts\/21744"}],"collection":[{"href":"https:\/\/notinor.com\/jujuy\/wp-json\/wp\/v2\/posts"}],"about":[{"href":"https:\/\/notinor.com\/jujuy\/wp-json\/wp\/v2\/types\/post"}],"author":[{"embeddable":true,"href":"https:\/\/notinor.com\/jujuy\/wp-json\/wp\/v2\/users\/1"}],"replies":[{"embeddable":true,"href":"https:\/\/notinor.com\/jujuy\/wp-json\/wp\/v2\/comments?post=21744"}],"version-history":[{"count":1,"href":"https:\/\/notinor.com\/jujuy\/wp-json\/wp\/v2\/posts\/21744\/revisions"}],"predecessor-version":[{"id":21746,"href":"https:\/\/notinor.com\/jujuy\/wp-json\/wp\/v2\/posts\/21744\/revisions\/21746"}],"wp:featuredmedia":[{"embeddable":true,"href":"https:\/\/notinor.com\/jujuy\/wp-json\/wp\/v2\/media\/21745"}],"wp:attachment":[{"href":"https:\/\/notinor.com\/jujuy\/wp-json\/wp\/v2\/media?parent=21744"}],"wp:term":[{"taxonomy":"category","embeddable":true,"href":"https:\/\/notinor.com\/jujuy\/wp-json\/wp\/v2\/categories?post=21744"},{"taxonomy":"post_tag","embeddable":true,"href":"https:\/\/notinor.com\/jujuy\/wp-json\/wp\/v2\/tags?post=21744"}],"curies":[{"name":"wp","href":"https:\/\/api.w.org\/{rel}","templated":true}]}}