{"id":21703,"date":"2015-04-01T01:03:56","date_gmt":"2015-04-01T04:03:56","guid":{"rendered":"http:\/\/notinor.com\/jujuy\/?p=21703"},"modified":"2015-03-31T22:10:12","modified_gmt":"2015-04-01T01:10:12","slug":"bolivia-presento-un-nuevo-libro-sobre-el-reclamo-maritimo-a-chile","status":"publish","type":"post","link":"https:\/\/notinor.com\/jujuy\/bolivia-presento-un-nuevo-libro-sobre-el-reclamo-maritimo-a-chile\/","title":{"rendered":"Bolivia present\u00f3 un nuevo libro sobre el reclamo mar\u00edtimo a Chile"},"content":{"rendered":"<p>Bolivia present\u00f3 hoy un nuevo libro sobre su reclamo a Chile por una salida al mar. \"Se ha logrado este peque\u00f1o documento ante el injusto cercenamiento (territorial) que se le hizo a Bolivia; tantas autoridades, instituciones que pidieron oportunamente las soluciones entre Chile y Bolivia\", asever\u00f3 el presidente Evo Morales en una declaraci\u00f3n de prensa.<\/p>\n<p>El mandatario mencion\u00f3 el supuesto apoyo al reclamo boliviano del ex secretario de Estado de EEUU Frank Kellog (1926) y los ex presidentes John F. Kennedy (1961-63), Jimmy Carter (1977-81) y Bill Clinton (1993-2001).<\/p>\n<p>Tambi\u00e9n mencion\u00f3 al papa Juan Pablo II, al l\u00edder de la revoluci\u00f3n cubana Fidel Castro y a los ex gobernantes Hugo Ch\u00e1vez (Venezuela) y Jos\u00e9 Mujica (Uruguay) como quienes dieron su opini\u00f3n favorable al reclamo de Bolivia por una salida al mar, la que perdi\u00f3 en un conflicto b\u00e9lico ante Chile a fines del siglo XIX.<\/p>\n<p>El nuevo libro, titulado Yo quiero un mar, un mar azul para Bolivia, en alusi\u00f3n a la canci\u00f3n compuesta por el cantautor chileno Pedro Telmo, es el segundo que lanza Bolivia en su reclamo. Adem\u00e1s desde el a\u00f1o pasado difunde El Libro del Mar, con todos los antecedentes hist\u00f3ricos y justificativos presentados en la Corte Internacional de Justicia (CIJ) de La Haya.<\/p>\n<p>La Paz llev\u00f3, el a\u00f1o pasado, a Santiago ante el tribunal de La Haya para negociar una salida al oc\u00e9ano Pac\u00edfico. Chile objet\u00f3 la competencia de la CIJ y \u00e9sta escuchar\u00e1 entre el 4 y el 8 de mayo los alegatos orales de ambas partes para definir si tiene o no competencia en el litigio.<\/p>\n","protected":false},"excerpt":{"rendered":"<p>Bolivia present\u00f3 hoy un nuevo libro sobre su reclamo a Chile por una salida al mar. \"Se ha logrado este peque\u00f1o documento ante el injusto cercenamiento (territorial) que se le hizo a Bolivia; tantas autoridades, instituciones que pidieron oportunamente las soluciones entre Chile y Bolivia\", asever\u00f3 el presidente Evo Morales en una declaraci\u00f3n de prensa. [&hellip;]<\/p>\n","protected":false},"author":1,"featured_media":21704,"comment_status":"open","ping_status":"open","sticky":false,"template":"","format":"standard","meta":{"_stopmodifiedupdate":false,"_modified_date":"","inline_featured_image":false},"categories":[6],"tags":[],"jetpack_featured_media_url":"https:\/\/notinor.com\/jujuy\/wp-content\/uploads\/2015\/03\/bolivia-mar.jpg","_links":{"self":[{"href":"https:\/\/notinor.com\/jujuy\/wp-json\/wp\/v2\/posts\/21703"}],"collection":[{"href":"https:\/\/notinor.com\/jujuy\/wp-json\/wp\/v2\/posts"}],"about":[{"href":"https:\/\/notinor.com\/jujuy\/wp-json\/wp\/v2\/types\/post"}],"author":[{"embeddable":true,"href":"https:\/\/notinor.com\/jujuy\/wp-json\/wp\/v2\/users\/1"}],"replies":[{"embeddable":true,"href":"https:\/\/notinor.com\/jujuy\/wp-json\/wp\/v2\/comments?post=21703"}],"version-history":[{"count":1,"href":"https:\/\/notinor.com\/jujuy\/wp-json\/wp\/v2\/posts\/21703\/revisions"}],"predecessor-version":[{"id":21705,"href":"https:\/\/notinor.com\/jujuy\/wp-json\/wp\/v2\/posts\/21703\/revisions\/21705"}],"wp:featuredmedia":[{"embeddable":true,"href":"https:\/\/notinor.com\/jujuy\/wp-json\/wp\/v2\/media\/21704"}],"wp:attachment":[{"href":"https:\/\/notinor.com\/jujuy\/wp-json\/wp\/v2\/media?parent=21703"}],"wp:term":[{"taxonomy":"category","embeddable":true,"href":"https:\/\/notinor.com\/jujuy\/wp-json\/wp\/v2\/categories?post=21703"},{"taxonomy":"post_tag","embeddable":true,"href":"https:\/\/notinor.com\/jujuy\/wp-json\/wp\/v2\/tags?post=21703"}],"curies":[{"name":"wp","href":"https:\/\/api.w.org\/{rel}","templated":true}]}}