{"id":213448,"date":"2019-05-11T07:45:32","date_gmt":"2019-05-11T10:45:32","guid":{"rendered":"http:\/\/notinor.com\/jujuy\/?p=213448"},"modified":"2019-05-11T07:45:38","modified_gmt":"2019-05-11T10:45:38","slug":"una-policia-rescato-a-un-perro-maltratado-en-su-hogar-y-dejo-una-leccion-que-se-viralizo","status":"publish","type":"post","link":"https:\/\/notinor.com\/jujuy\/una-policia-rescato-a-un-perro-maltratado-en-su-hogar-y-dejo-una-leccion-que-se-viralizo\/","title":{"rendered":"Una polic\u00eda rescat\u00f3 a un perro maltratado en su hogar y dej\u00f3 una lecci\u00f3n que se viraliz\u00f3"},"content":{"rendered":"\n<figure class=\"wp-block-image\"><img decoding=\"async\" src=\"https:\/\/media.minutouno.com\/adjuntos\/150\/imagenes\/036\/628\/0036628071.jpg\" alt=\"Mu\u00f1oz ayud\u00f3 a rescatar al boxer que estaba mal tenido por su due\u00f1a\"\/><\/figure>\n\n\n\n<p>Mu\u00f1oz ayud\u00f3 a rescatar al boxer que estaba mal tenido por su due\u00f1a<br><\/p>\n\n\n\n<p class=\"has-background has-vivid-cyan-blue-background-color\"><strong>Primero le dio un aviso a la due\u00f1a del animal para que recapacite sobre el estado en el que ten\u00eda a su mascota, y luego procedi\u00f3 a retirarlo del domicilio por falta de cuidados.<\/strong><br><\/p>\n\n\n\n<p>Una polic\u00eda de\u00a0Quilmes\u00a0rescat\u00f3 a un perro tras considerar que la due\u00f1a lo maltrataba. Un video del episodio se convirti\u00f3 en viral, pero todav\u00eda no se sabe exactamente\u00a0qu\u00e9 puso en alerta a la oficial.<\/p>\n\n\n\n<p>Patricia Mu\u00f1oz se hizo cargo de un caso de\u00a0maltrato animal\u00a0ocurrido en una vivienda en San Francisco Solano, partido de Quilmes, tras la denuncia de los vecinos de la mujer. Su primer aviso fue contundente.<\/p>\n\n\n\n<p>\"Estamos en 2020 casi, no en 1960 que se ten\u00eda a los\u00a0animales\u00a0atados y se mor\u00edan de hambre\", expres\u00f3 Mu\u00f1oz, quien\u00a0<strong>amenaz\u00f3 con llevarse al perro<\/strong>, un boxer macho adulto, si su due\u00f1a no mejoraba su calidad de vida.<\/p>\n\n\n\n<figure class=\"wp-block-embed-twitter wp-block-embed is-type-rich is-provider-twitter\"><div class=\"wp-block-embed__wrapper\">\n<blockquote class=\"twitter-tweet\" data-width=\"500\" data-dnt=\"true\"><p lang=\"es\" dir=\"ltr\">Que les parece la actitud de esta oficial defendiendo a un perrito mal tratado??? Los leo... <a href=\"https:\/\/t.co\/ErD7K4QMYc\">pic.twitter.com\/ErD7K4QMYc<\/a><\/p>&mdash; \ud83d\udc99Gabriel Alegre\ud83c\udf6e\ud83c\udf6e (@alegre_biel1971) <a href=\"https:\/\/twitter.com\/alegre_biel1971\/status\/1125341365200719872?ref_src=twsrc%5Etfw\">May 6, 2019<\/a><\/blockquote><script async src=\"https:\/\/platform.twitter.com\/widgets.js\" charset=\"utf-8\"><\/script>\n<\/div><\/figure>\n\n\n\n<p>\"Soltalo, ponele una madera, cuidalo, llamalo, ponele un cord\u00f3n con tu tel\u00e9fono y dejalo. Si se pierde hay gente como nosotras que va a venir y te va a llamar y te va a escribir,&nbsp;<strong>porque seguro que celular ten\u00e9s, pero para el port\u00f3n no ten\u00e9s, para ir a castrarlo no ten\u00e9s<\/strong>\", expres\u00f3 la oficial.<\/p>\n\n\n\n<p>\"No le hagas la vida tan de mierda al animal&nbsp;porque la verdad el animal no pidi\u00f3 ser tu perro, vos lo agarraste y ten\u00e9s que ser responsable, como con tus hijos\", se\u00f1al\u00f3 Mu\u00f1oz.<\/p>\n\n\n\n<p>Como la mujer no cambi\u00f3 su actitud con respecto al perro, la polic\u00eda logr\u00f3 liberarlo de esa situaci\u00f3n el 5 de mayo pasado.<\/p>\n","protected":false},"excerpt":{"rendered":"<p>Mu\u00f1oz ayud\u00f3 a rescatar al boxer que estaba mal tenido por su due\u00f1a Primero le dio un aviso a la due\u00f1a del animal para que recapacite sobre el estado en el que ten\u00eda a su mascota, y luego procedi\u00f3 a retirarlo del domicilio por falta de cuidados. Una polic\u00eda de\u00a0Quilmes\u00a0rescat\u00f3 a un perro tras considerar [&hellip;]<\/p>\n","protected":false},"author":1,"featured_media":213449,"comment_status":"open","ping_status":"open","sticky":false,"template":"","format":"standard","meta":{"_stopmodifiedupdate":false,"_modified_date":"","inline_featured_image":false},"categories":[13],"tags":[],"jetpack_featured_media_url":"https:\/\/notinor.com\/jujuy\/wp-content\/uploads\/2019\/05\/MALTRATO-ANIMAL.jpg","_links":{"self":[{"href":"https:\/\/notinor.com\/jujuy\/wp-json\/wp\/v2\/posts\/213448"}],"collection":[{"href":"https:\/\/notinor.com\/jujuy\/wp-json\/wp\/v2\/posts"}],"about":[{"href":"https:\/\/notinor.com\/jujuy\/wp-json\/wp\/v2\/types\/post"}],"author":[{"embeddable":true,"href":"https:\/\/notinor.com\/jujuy\/wp-json\/wp\/v2\/users\/1"}],"replies":[{"embeddable":true,"href":"https:\/\/notinor.com\/jujuy\/wp-json\/wp\/v2\/comments?post=213448"}],"version-history":[{"count":1,"href":"https:\/\/notinor.com\/jujuy\/wp-json\/wp\/v2\/posts\/213448\/revisions"}],"predecessor-version":[{"id":213450,"href":"https:\/\/notinor.com\/jujuy\/wp-json\/wp\/v2\/posts\/213448\/revisions\/213450"}],"wp:featuredmedia":[{"embeddable":true,"href":"https:\/\/notinor.com\/jujuy\/wp-json\/wp\/v2\/media\/213449"}],"wp:attachment":[{"href":"https:\/\/notinor.com\/jujuy\/wp-json\/wp\/v2\/media?parent=213448"}],"wp:term":[{"taxonomy":"category","embeddable":true,"href":"https:\/\/notinor.com\/jujuy\/wp-json\/wp\/v2\/categories?post=213448"},{"taxonomy":"post_tag","embeddable":true,"href":"https:\/\/notinor.com\/jujuy\/wp-json\/wp\/v2\/tags?post=213448"}],"curies":[{"name":"wp","href":"https:\/\/api.w.org\/{rel}","templated":true}]}}